{"id":93,"date":"2015-07-14T11:37:56","date_gmt":"2015-07-14T11:37:56","guid":{"rendered":"http:\/\/www.edicionesplatea.com\/blog\/?p=93"},"modified":"2025-02-09T18:38:14","modified_gmt":"2025-02-09T18:38:14","slug":"los-terrorificos-saltos-de-los-fallschirmjager-en-creta","status":"publish","type":"post","link":"https:\/\/www.edicionesplatea.com\/blog\/los-terrorificos-saltos-de-los-fallschirmjager-en-creta\/","title":{"rendered":"Los terror\u00edficos saltos de los Fallschirmj\u00e4ger en Creta"},"content":{"rendered":"\n<p><span id=\"fbPhotoSnowliftCaption\" class=\"fbPhotosPhotoCaption\" tabindex=\"0\" data-ft=\"{&quot;tn&quot;:&quot;K&quot;}\"><span class=\"hasCaption\"><a class=\"_58cn\" href=\"https:\/\/www.facebook.com\/hashtag\/skymen\" data-ft=\"{&quot;tn&quot;:&quot;*N&quot;,&quot;type&quot;:104}\">#SKYMEN<\/a> <a class=\"_58cn\" href=\"https:\/\/www.facebook.com\/hashtag\/kershaw\" data-ft=\"{&quot;tn&quot;:&quot;*N&quot;,&quot;type&quot;:104}\">#Kershaw<\/a> Salto Fallschirmj\u00e4ger en Creta: \u00abEl que hab\u00eda detr\u00e1s de m\u00ed fue alcanzado y se acurruc\u00f3 en el suelo del avi\u00f3n, probablemente estuviera muerto, no hab\u00eda tiempo para ver qu\u00e9 le pasaba. <\/span><\/span><\/p>\n\n\n<div class=\"wp-block-image\">\n<figure class=\"aligncenter\"><a href=\"http:\/\/www.edicionesplatea.com\/blog\/wp-content\/uploads\/2016\/07\/Sky-Men-P-2.jpg\"><img loading=\"lazy\" decoding=\"async\" width=\"3638\" height=\"2347\" src=\"http:\/\/www.edicionesplatea.com\/blog\/wp-content\/uploads\/2016\/07\/Sky-Men-P-2.jpg\" alt=\"Sky Men P-2\" class=\"wp-image-275\" srcset=\"https:\/\/www.edicionesplatea.com\/blog\/wp-content\/uploads\/2016\/07\/Sky-Men-P-2.jpg 3638w, https:\/\/www.edicionesplatea.com\/blog\/wp-content\/uploads\/2016\/07\/Sky-Men-P-2-300x194.jpg 300w, https:\/\/www.edicionesplatea.com\/blog\/wp-content\/uploads\/2016\/07\/Sky-Men-P-2-768x495.jpg 768w, https:\/\/www.edicionesplatea.com\/blog\/wp-content\/uploads\/2016\/07\/Sky-Men-P-2-1024x661.jpg 1024w\" sizes=\"auto, (max-width: 3638px) 100vw, 3638px\" \/><\/a><\/figure>\n<\/div>\n\n\n<p><\/p>\n\n\n\n<p><span id=\"fbPhotoSnowliftCaption\" class=\"fbPhotosPhotoCaption\" tabindex=\"0\" data-ft=\"{&quot;tn&quot;:&quot;K&quot;}\"><span class=\"hasCaption\">La zona de salto estaba pr\u00f3xima y \u00a1ten\u00edamos que salir y saltar!\u00bb Para su espanto, al saltar se dio cuenta de que estaban en mitad de las posiciones defensivas enemigas. \u00abSoldados de infanter\u00eda erguidos<span class=\"text_exposed_show\"> nos disparaban con todo lo que ten\u00edan\u00bb. Con ira frustrada tir\u00f3 a un lado de la correa del hombro para poder coger su pistola y devolvi\u00f3 el fuego. Las balas comenzaron a rasgar los tirantes de sus pantalones, chamuscando su mono y cortando la correa de sus binoculares. <\/span><\/span><\/span><\/p>\n\n\n\n<p><span id=\"fbPhotoSnowliftCaption\" class=\"fbPhotosPhotoCaption\" tabindex=\"0\" data-ft=\"{&quot;tn&quot;:&quot;K&quot;}\"><span class=\"hasCaption\"><span class=\"text_exposed_show\">\u00ab\u00a1Malditos perros!\u00bb, grit\u00f3 con miedo e impotencia. Otra bala penetr\u00f3 cerca de su axila derecha y le sali\u00f3 por detr\u00e1s del cuello cuando ca\u00eda en una vi\u00f1a. Devolvi\u00f3 el fuego y alcanz\u00f3 a dos Tommies con su pistola antes de que una r\u00e1faga de ametralladora lo hiciera tirarse a tierra, desgarrando su mochila y desintegrando su cantimplora, salpic\u00e1ndolo todo de agua. \u00abEl fuego cambi\u00f3 de objetivo y dispar\u00f3 en otras direcciones. Pensar\u00edan que estaba muerto\u00bb&#8230; <\/span><\/span><\/span><\/p>\n\n\n\n<p><span id=\"fbPhotoSnowliftCaption\" class=\"fbPhotosPhotoCaption\" tabindex=\"0\" data-ft=\"{&quot;tn&quot;:&quot;K&quot;}\"><span class=\"hasCaption\"><span class=\"text_exposed_show\"><\/span><\/span><\/span><strong><a href=\"https:\/\/edicionessalamina.com\/p\/sky-men-robert-kershaw\">QUIERO EL LIBRO<\/a><\/strong><\/p>\n\n\n\n<p><\/p>\n","protected":false},"excerpt":{"rendered":"<p>#SKYMEN #Kershaw Salto Fallschirmj\u00e4ger en Creta: \u00abEl que hab\u00eda detr\u00e1s de m\u00ed fue alcanzado y se acurruc\u00f3 en el suelo del avi\u00f3n, probablemente estuviera muerto, no hab\u00eda tiempo para ver qu\u00e9 le pasaba. La zona de salto estaba pr\u00f3xima y &hellip; <a href=\"https:\/\/www.edicionesplatea.com\/blog\/los-terrorificos-saltos-de-los-fallschirmjager-en-creta\/\">Sigue leyendo <span class=\"meta-nav\">&rarr;<\/span><\/a><\/p>\n","protected":false},"author":1,"featured_media":0,"comment_status":"open","ping_status":"open","sticky":false,"template":"","format":"standard","meta":{"footnotes":""},"categories":[5],"tags":[60,61,23],"class_list":["post-93","post","type-post","status-publish","format-standard","hentry","category-sky-men","tag-creta","tag-falschirmjager","tag-paracaidistas"],"_links":{"self":[{"href":"https:\/\/www.edicionesplatea.com\/blog\/wp-json\/wp\/v2\/posts\/93","targetHints":{"allow":["GET"]}}],"collection":[{"href":"https:\/\/www.edicionesplatea.com\/blog\/wp-json\/wp\/v2\/posts"}],"about":[{"href":"https:\/\/www.edicionesplatea.com\/blog\/wp-json\/wp\/v2\/types\/post"}],"author":[{"embeddable":true,"href":"https:\/\/www.edicionesplatea.com\/blog\/wp-json\/wp\/v2\/users\/1"}],"replies":[{"embeddable":true,"href":"https:\/\/www.edicionesplatea.com\/blog\/wp-json\/wp\/v2\/comments?post=93"}],"version-history":[{"count":4,"href":"https:\/\/www.edicionesplatea.com\/blog\/wp-json\/wp\/v2\/posts\/93\/revisions"}],"predecessor-version":[{"id":2236,"href":"https:\/\/www.edicionesplatea.com\/blog\/wp-json\/wp\/v2\/posts\/93\/revisions\/2236"}],"wp:attachment":[{"href":"https:\/\/www.edicionesplatea.com\/blog\/wp-json\/wp\/v2\/media?parent=93"}],"wp:term":[{"taxonomy":"category","embeddable":true,"href":"https:\/\/www.edicionesplatea.com\/blog\/wp-json\/wp\/v2\/categories?post=93"},{"taxonomy":"post_tag","embeddable":true,"href":"https:\/\/www.edicionesplatea.com\/blog\/wp-json\/wp\/v2\/tags?post=93"}],"curies":[{"name":"wp","href":"https:\/\/api.w.org\/{rel}","templated":true}]}}