{"id":917,"date":"2019-07-05T15:54:58","date_gmt":"2019-07-05T15:54:58","guid":{"rendered":"http:\/\/www.edicionesplatea.com\/blog\/?p=917"},"modified":"2025-02-18T08:10:44","modified_gmt":"2025-02-18T08:10:44","slug":"la-batalla-de-marengo-memorias-del-capitan-coignet","status":"publish","type":"post","link":"https:\/\/www.edicionesplatea.com\/blog\/la-batalla-de-marengo-memorias-del-capitan-coignet\/","title":{"rendered":"La batalla de Marengo &#8211; Memorias del capit\u00e1n Coignet"},"content":{"rendered":"\n<p class=\"has-medium-font-size\">Vino un peque\u00f1o general con elegantes bigotes: busc\u00f3 a nuestro coronel y le pregunt\u00f3 d\u00f3nde estaba nuestro general. \u00c9ste le respondi\u00f3,  \u00abse ha ido\u00bb. \u00abMuy bien, tomar\u00e9 el mando de la divisi\u00f3n\u00bb. Se encarg\u00f3 de inmediato de la compa\u00f1\u00eda de granaderos a la que yo pertenec\u00eda y nos llev\u00f3 al ataque en una fila. Abrimos fuego. \u00abNo os par\u00e9is a cargar vuestros mosquetes\u00bb, dec\u00eda. \u00abOs har\u00e9 llamar con el sonido de los tambores\u00bb. <\/p>\n\n\n<div class=\"wp-block-image\">\n<figure class=\"aligncenter is-resized\"><img loading=\"lazy\" decoding=\"async\" width=\"1000\" height=\"648\" src=\"http:\/\/www.edicionesplatea.com\/blog\/wp-content\/uploads\/2019\/07\/Memorias-del-capita\u0301n-Coignet-Ediciones-Salamina-Marengo.jpg\" alt=\"\" class=\"wp-image-918\" style=\"width:625px;height:405px\" srcset=\"https:\/\/www.edicionesplatea.com\/blog\/wp-content\/uploads\/2019\/07\/Memorias-del-capita\u0301n-Coignet-Ediciones-Salamina-Marengo.jpg 1000w, https:\/\/www.edicionesplatea.com\/blog\/wp-content\/uploads\/2019\/07\/Memorias-del-capita\u0301n-Coignet-Ediciones-Salamina-Marengo-300x194.jpg 300w, https:\/\/www.edicionesplatea.com\/blog\/wp-content\/uploads\/2019\/07\/Memorias-del-capita\u0301n-Coignet-Ediciones-Salamina-Marengo-768x498.jpg 768w\" sizes=\"auto, (max-width: 1000px) 100vw, 1000px\" \/><\/figure>\n<\/div>\n\n\n<p class=\"has-medium-font-size\">Y se apresur\u00f3 a reunirse con la divisi\u00f3n. Apenas hab\u00eda regresadoa su puesto cuando la columna de austriacos comenz\u00f3 a avanzar desde detr\u00e1s de los sauces, se despleg\u00f3 frente a nosotros, dispar\u00f3 por batallones y nos acribillaron con fuego de mosquete. Nuestro peque\u00f1o general respondi\u00f3, y all\u00ed est\u00e1bamos nosotros, entre dos fuegos, sacrificados\u2026 Yo corr\u00ed hasta detr\u00e1s de un gran sauce. Las balas silbaban en todas direcciones, as\u00ed que me vi obligado a tumbarme en el suelo con la cabeza agachada a fin de protegerme del fuego de mosquete, que hac\u00eda que las ramitas del \u00e1rbol cayesen sobre m\u00ed. Me cre\u00ed perdido.<\/p>\n\n\n\n<p class=\"has-medium-font-size\"> Por fortuna, toda nuestra divisi\u00f3n comenz\u00f3 a avanzar por batallones. Me levant\u00e9 y me encontr\u00e9 en mitad de una compa\u00f1\u00eda del batall\u00f3n; continu\u00e9 con ella durante el resto del d\u00eda; de nuestros 174 granaderos ya no quedaban m\u00e1s de 14, el resto estaban muertos o heridos. Fuimos obligados a reocupar nuestra primera posici\u00f3n, acribillados por un diluvio de fuego de mosquete. Todo ca\u00eda sobre nosotros, que aguant\u00e1bamos el ala izquierda del ej\u00e9rcito, frente a la carretera que llevaba a Alessandria, la posici\u00f3n m\u00e1s dif\u00edcil de mantener. Amenazaban constantemente con flanquearnos y nos vimos obligados a cerrar espacios a fin de evitar que nos sorprendiesen por la retaguardia.<\/p>\n\n\n\n<p class=\"has-medium-font-size\"> Nuestro coronel se hallaba en todas partes, detr\u00e1s de la media brigada para apoyarnos; nuestro capit\u00e1n, que hab\u00eda perdido su compa\u00f1\u00eda y que estaba herido en el brazo, desempe\u00f1\u00f3 los cometidos de un ayuda de campo para nuestro intr\u00e9pido general. Entre el humo no pod\u00edamos vernos los unos a los otros. Los ca\u00f1ones incendiaron el campo de trigo y esto caus\u00f3 una conmoci\u00f3n general entre las filas. Las cajas de cartuchos estallaron; nos vimos obligados a retroceder con el objeto de volver a formar lo m\u00e1s r\u00e1pidamente posible. Esto nos caus\u00f3 mucha mortificaci\u00f3n, que fue contrarrestada por la intrepidez de nuestros jefes, que miraban por todo&#8230;..<\/p>\n\n\n\n<p class=\"has-medium-font-size\"><strong><a href=\"https:\/\/edicionessalamina.com\/p\/memorias-del-capitan-coignet\">QUIERO EL LIBRO<\/a><\/strong><\/p>\n","protected":false},"excerpt":{"rendered":"<p>Vino un peque\u00f1o general con elegantes bigotes: busc\u00f3 a nuestro coronel y le pregunt\u00f3 d\u00f3nde estaba nuestro general. \u00c9ste le respondi\u00f3, \u00abse ha ido\u00bb. \u00abMuy bien, tomar\u00e9 el mando de la divisi\u00f3n\u00bb. Se encarg\u00f3 de inmediato de la compa\u00f1\u00eda de &hellip; <a href=\"https:\/\/www.edicionesplatea.com\/blog\/la-batalla-de-marengo-memorias-del-capitan-coignet\/\">Sigue leyendo <span class=\"meta-nav\">&rarr;<\/span><\/a><\/p>\n","protected":false},"author":2,"featured_media":0,"comment_status":"open","ping_status":"open","sticky":false,"template":"","format":"standard","meta":{"footnotes":""},"categories":[391],"tags":[105,219,405,201,344],"class_list":["post-917","post","type-post","status-publish","format-standard","hentry","category-memorias-del-capitan-coignet","tag-granaderos","tag-grande-armee","tag-marengo","tag-napoleon","tag-napoleonico"],"_links":{"self":[{"href":"https:\/\/www.edicionesplatea.com\/blog\/wp-json\/wp\/v2\/posts\/917","targetHints":{"allow":["GET"]}}],"collection":[{"href":"https:\/\/www.edicionesplatea.com\/blog\/wp-json\/wp\/v2\/posts"}],"about":[{"href":"https:\/\/www.edicionesplatea.com\/blog\/wp-json\/wp\/v2\/types\/post"}],"author":[{"embeddable":true,"href":"https:\/\/www.edicionesplatea.com\/blog\/wp-json\/wp\/v2\/users\/2"}],"replies":[{"embeddable":true,"href":"https:\/\/www.edicionesplatea.com\/blog\/wp-json\/wp\/v2\/comments?post=917"}],"version-history":[{"count":4,"href":"https:\/\/www.edicionesplatea.com\/blog\/wp-json\/wp\/v2\/posts\/917\/revisions"}],"predecessor-version":[{"id":2466,"href":"https:\/\/www.edicionesplatea.com\/blog\/wp-json\/wp\/v2\/posts\/917\/revisions\/2466"}],"wp:attachment":[{"href":"https:\/\/www.edicionesplatea.com\/blog\/wp-json\/wp\/v2\/media?parent=917"}],"wp:term":[{"taxonomy":"category","embeddable":true,"href":"https:\/\/www.edicionesplatea.com\/blog\/wp-json\/wp\/v2\/categories?post=917"},{"taxonomy":"post_tag","embeddable":true,"href":"https:\/\/www.edicionesplatea.com\/blog\/wp-json\/wp\/v2\/tags?post=917"}],"curies":[{"name":"wp","href":"https:\/\/api.w.org\/{rel}","templated":true}]}}