{"id":91,"date":"2015-07-07T01:00:22","date_gmt":"2015-07-07T01:00:22","guid":{"rendered":"http:\/\/www.edicionesplatea.com\/blog\/?p=91"},"modified":"2025-03-04T22:09:19","modified_gmt":"2025-03-04T22:09:19","slug":"2o-batallon-del-501o-regimiento-paracaidista-de-la-101a-division-aerotransportada","status":"publish","type":"post","link":"https:\/\/www.edicionesplatea.com\/blog\/2o-batallon-del-501o-regimiento-paracaidista-de-la-101a-division-aerotransportada\/","title":{"rendered":"2\u00ba Batall\u00f3n del 501\u00ba Regimiento Paracaidista de la 101\u00aa Divisi\u00f3n Aerotransportada"},"content":{"rendered":"\n<p><span id=\"fbPhotoSnowliftCaption\" class=\"fbPhotosPhotoCaption\" tabindex=\"0\" data-ft=\"{&quot;tn&quot;:&quot;K&quot;}\"><span class=\"hasCaption\">Operaci\u00f3n Market Garden. A las 9:00 los mandos alemanes del Kampfgruppe Walther observaban fijamente la esfera de sus relojes mientras pasaban los \u00faltimos segundos para la hora H. Los pu\u00f1os se alzaron hacia el cielo movi\u00e9ndose como si tiraran de algo, lo que significaba \u00abavance\u00bb.<\/span><\/span><\/p>\n\n\n\n<figure class=\"wp-block-image\"><a href=\"http:\/\/www.edicionesplatea.com\/blog\/wp-content\/uploads\/2016\/06\/Nunca-Nieva-P-2.jpg\"><img loading=\"lazy\" decoding=\"async\" width=\"544\" height=\"403\" src=\"http:\/\/www.edicionesplatea.com\/blog\/wp-content\/uploads\/2016\/06\/Nunca-Nieva-P-2.jpg\" alt=\"Nunca Nieva P-2\" class=\"wp-image-270\" srcset=\"https:\/\/www.edicionesplatea.com\/blog\/wp-content\/uploads\/2016\/06\/Nunca-Nieva-P-2.jpg 544w, https:\/\/www.edicionesplatea.com\/blog\/wp-content\/uploads\/2016\/06\/Nunca-Nieva-P-2-300x222.jpg 300w\" sizes=\"auto, (max-width: 544px) 100vw, 544px\" \/><\/a><\/figure>\n\n\n\n<p><\/p>\n\n\n\n<p><span id=\"fbPhotoSnowliftCaption\" class=\"fbPhotosPhotoCaption\" tabindex=\"0\" data-ft=\"{&quot;tn&quot;:&quot;K&quot;}\"><span class=\"hasCaption\">Pr\u00e1cticamente sin oposici\u00f3n a la derecha de la carretera el batall\u00f3n de Panther y el b<span class=\"text_exposed_show\">atall\u00f3n panzergrenadier cortaron la \u00abAutopista del Infierno\u00bb entre Veghel y Uden. En Veghel, el 2\u00ba Batall\u00f3n del 501\u00ba Regimiento Paracaidista de la 101\u00aa Divisi\u00f3n Aerotransportada del teniente coronel Ballard rechaz\u00f3 el primer golpe alem\u00e1n en una breve pero furiosa lucha desde pozos de tirador y casas a lo largo de la carretera de Erp&#8230;. <\/span><\/span><\/span><\/p>\n\n\n\n<p><strong><a href=\"https:\/\/edicionessalamina.com\/p\/nunca-nieva-en-septiembre-robert-kershaw\">QUIERO EL LIBRO<\/a><\/strong><\/p>\n","protected":false},"excerpt":{"rendered":"<p>Operaci\u00f3n Market Garden. A las 9:00 los mandos alemanes del Kampfgruppe Walther observaban fijamente la esfera de sus relojes mientras pasaban los \u00faltimos segundos para la hora H. Los pu\u00f1os se alzaron hacia el cielo movi\u00e9ndose como si tiraran de &hellip; <a href=\"https:\/\/www.edicionesplatea.com\/blog\/2o-batallon-del-501o-regimiento-paracaidista-de-la-101a-division-aerotransportada\/\">Sigue leyendo <span class=\"meta-nav\">&rarr;<\/span><\/a><\/p>\n","protected":false},"author":1,"featured_media":0,"comment_status":"open","ping_status":"open","sticky":false,"template":"","format":"standard","meta":{"footnotes":""},"categories":[24],"tags":[59,26],"class_list":["post-91","post","type-post","status-publish","format-standard","hentry","category-nunca-nieva-en-septiembre","tag-hermanos-de-sangre","tag-market-garden"],"_links":{"self":[{"href":"https:\/\/www.edicionesplatea.com\/blog\/wp-json\/wp\/v2\/posts\/91","targetHints":{"allow":["GET"]}}],"collection":[{"href":"https:\/\/www.edicionesplatea.com\/blog\/wp-json\/wp\/v2\/posts"}],"about":[{"href":"https:\/\/www.edicionesplatea.com\/blog\/wp-json\/wp\/v2\/types\/post"}],"author":[{"embeddable":true,"href":"https:\/\/www.edicionesplatea.com\/blog\/wp-json\/wp\/v2\/users\/1"}],"replies":[{"embeddable":true,"href":"https:\/\/www.edicionesplatea.com\/blog\/wp-json\/wp\/v2\/comments?post=91"}],"version-history":[{"count":4,"href":"https:\/\/www.edicionesplatea.com\/blog\/wp-json\/wp\/v2\/posts\/91\/revisions"}],"predecessor-version":[{"id":2814,"href":"https:\/\/www.edicionesplatea.com\/blog\/wp-json\/wp\/v2\/posts\/91\/revisions\/2814"}],"wp:attachment":[{"href":"https:\/\/www.edicionesplatea.com\/blog\/wp-json\/wp\/v2\/media?parent=91"}],"wp:term":[{"taxonomy":"category","embeddable":true,"href":"https:\/\/www.edicionesplatea.com\/blog\/wp-json\/wp\/v2\/categories?post=91"},{"taxonomy":"post_tag","embeddable":true,"href":"https:\/\/www.edicionesplatea.com\/blog\/wp-json\/wp\/v2\/tags?post=91"}],"curies":[{"name":"wp","href":"https:\/\/api.w.org\/{rel}","templated":true}]}}