{"id":89,"date":"2015-07-04T00:56:26","date_gmt":"2015-07-04T00:56:26","guid":{"rendered":"http:\/\/www.edicionesplatea.com\/blog\/?p=89"},"modified":"2025-02-09T18:58:59","modified_gmt":"2025-02-09T18:58:59","slug":"ataque-sorpresa-contra-los-sitiadores-de-zutphen","status":"publish","type":"post","link":"https:\/\/www.edicionesplatea.com\/blog\/ataque-sorpresa-contra-los-sitiadores-de-zutphen\/","title":{"rendered":"Ataque sorpresa contra los sitiadores de Zutphen"},"content":{"rendered":"\n<p><span id=\"fbPhotoSnowliftCaption\" class=\"fbPhotosPhotoCaption\" tabindex=\"0\" data-ft=\"{&quot;tn&quot;:&quot;K&quot;}\"><span class=\"hasCaption\"><a class=\"_58cn\" href=\"https:\/\/www.facebook.com\/hashtag\/laguerradefrisia\" data-ft=\"{&quot;tn&quot;:&quot;*N&quot;,&quot;type&quot;:104}\">#LAGUERRADEFRISIA<\/a> <a class=\"_58cn\" href=\"https:\/\/www.facebook.com\/hashtag\/hugoaca%C3%B1ete\" data-ft=\"{&quot;tn&quot;:&quot;*N&quot;,&quot;type&quot;:104}\">#HugoACa\u00f1ete<\/a> &#8230;La infanter\u00eda pasaba en barcas y a la grupa de caballos muy poco a poco y con mucho trabajo. <\/span><\/span><\/p>\n\n\n\n<figure class=\"wp-block-image\"><a href=\"http:\/\/www.edicionesplatea.com\/blog\/wp-content\/uploads\/2016\/06\/Frisia-P-1.jpg\"><img loading=\"lazy\" decoding=\"async\" width=\"3518\" height=\"2218\" src=\"http:\/\/www.edicionesplatea.com\/blog\/wp-content\/uploads\/2016\/06\/Frisia-P-1.jpg\" alt=\"Frisia P-1\" class=\"wp-image-266\" srcset=\"https:\/\/www.edicionesplatea.com\/blog\/wp-content\/uploads\/2016\/06\/Frisia-P-1.jpg 3518w, https:\/\/www.edicionesplatea.com\/blog\/wp-content\/uploads\/2016\/06\/Frisia-P-1-300x189.jpg 300w, https:\/\/www.edicionesplatea.com\/blog\/wp-content\/uploads\/2016\/06\/Frisia-P-1-768x484.jpg 768w, https:\/\/www.edicionesplatea.com\/blog\/wp-content\/uploads\/2016\/06\/Frisia-P-1-1024x646.jpg 1024w\" sizes=\"auto, (max-width: 3518px) 100vw, 3518px\" \/><\/a><\/figure>\n\n\n\n<p><\/p>\n\n\n\n<p><span id=\"fbPhotoSnowliftCaption\" class=\"fbPhotosPhotoCaption\" tabindex=\"0\" data-ft=\"{&quot;tn&quot;:&quot;K&quot;}\"><span class=\"hasCaption\">Hab\u00eda una niebla tan espesa que imped\u00eda que los de los fuertes del enemigo los viesen, m\u00e1s oyendo alg\u00fan ruido enviaron a cuarenta o cincuenta soldados a reconocer y hallaron que los primeros de nuestra infanter\u00eda hab\u00edan pasado, y que tras hacer un fuego, se estaban calenta<span class=\"text_exposed_show\">ndo alrededor de \u00e9l, estando por la oscuridad de la niebla muy cerca unos de otros antes de verse. <\/span><\/span><\/span><\/p>\n\n\n\n<p><span id=\"fbPhotoSnowliftCaption\" class=\"fbPhotosPhotoCaption\" tabindex=\"0\" data-ft=\"{&quot;tn&quot;:&quot;K&quot;}\"><span class=\"hasCaption\"><span class=\"text_exposed_show\">Nuestros soldados cerraron desesperadamente con ellos sin capitanes, porque todos estaban de la otra parte del r\u00edo ocupados con Taxis en hacer pasar a la gente. Los fueron siguiendo hasta obligarlos a meterse en su fuerte, que con el mismo \u00e1nimo asaltaron; y ayud\u00e1ndose los unos a los otros con las picas y alabardas lo mejor que pudieron, entraron en su interior y degollaron a m\u00e1s de cien hombres&#8230; <\/span><\/span><\/span><\/p>\n\n\n\n<p><strong><a href=\"https:\/\/edicionessalamina.com\/p\/la-guerra-de-frisia-hugo-a-canete\">QUIERO EL LIBRO<\/a><\/strong><\/p>\n","protected":false},"excerpt":{"rendered":"<p>#LAGUERRADEFRISIA #HugoACa\u00f1ete &#8230;La infanter\u00eda pasaba en barcas y a la grupa de caballos muy poco a poco y con mucho trabajo. Hab\u00eda una niebla tan espesa que imped\u00eda que los de los fuertes del enemigo los viesen, m\u00e1s oyendo alg\u00fan &hellip; <a href=\"https:\/\/www.edicionesplatea.com\/blog\/ataque-sorpresa-contra-los-sitiadores-de-zutphen\/\">Sigue leyendo <span class=\"meta-nav\">&rarr;<\/span><\/a><\/p>\n","protected":false},"author":1,"featured_media":0,"comment_status":"open","ping_status":"open","sticky":false,"template":"","format":"standard","meta":{"footnotes":""},"categories":[45],"tags":[49,47,46],"class_list":["post-89","post","type-post","status-publish","format-standard","hentry","category-la-guerra-de-frisia","tag-frisia","tag-tercios","tag-verdugo"],"_links":{"self":[{"href":"https:\/\/www.edicionesplatea.com\/blog\/wp-json\/wp\/v2\/posts\/89","targetHints":{"allow":["GET"]}}],"collection":[{"href":"https:\/\/www.edicionesplatea.com\/blog\/wp-json\/wp\/v2\/posts"}],"about":[{"href":"https:\/\/www.edicionesplatea.com\/blog\/wp-json\/wp\/v2\/types\/post"}],"author":[{"embeddable":true,"href":"https:\/\/www.edicionesplatea.com\/blog\/wp-json\/wp\/v2\/users\/1"}],"replies":[{"embeddable":true,"href":"https:\/\/www.edicionesplatea.com\/blog\/wp-json\/wp\/v2\/comments?post=89"}],"version-history":[{"count":3,"href":"https:\/\/www.edicionesplatea.com\/blog\/wp-json\/wp\/v2\/posts\/89\/revisions"}],"predecessor-version":[{"id":2257,"href":"https:\/\/www.edicionesplatea.com\/blog\/wp-json\/wp\/v2\/posts\/89\/revisions\/2257"}],"wp:attachment":[{"href":"https:\/\/www.edicionesplatea.com\/blog\/wp-json\/wp\/v2\/media?parent=89"}],"wp:term":[{"taxonomy":"category","embeddable":true,"href":"https:\/\/www.edicionesplatea.com\/blog\/wp-json\/wp\/v2\/categories?post=89"},{"taxonomy":"post_tag","embeddable":true,"href":"https:\/\/www.edicionesplatea.com\/blog\/wp-json\/wp\/v2\/tags?post=89"}],"curies":[{"name":"wp","href":"https:\/\/api.w.org\/{rel}","templated":true}]}}