{"id":867,"date":"2019-05-27T15:42:11","date_gmt":"2019-05-27T15:42:11","guid":{"rendered":"http:\/\/www.edicionesplatea.com\/blog\/?p=867"},"modified":"2025-02-18T08:08:32","modified_gmt":"2025-02-18T08:08:32","slug":"la-96-a-media-brigada-francesa-y-el-vino-de-malaga-memorias-del-capitan-coignet","status":"publish","type":"post","link":"https:\/\/www.edicionesplatea.com\/blog\/la-96-a-media-brigada-francesa-y-el-vino-de-malaga-memorias-del-capitan-coignet\/","title":{"rendered":"La 96.\u00aa Media Brigada francesa y el vino de M\u00e1laga. Memorias del capit\u00e1n Coignet"},"content":{"rendered":"\n<p class=\"has-medium-font-size\">Partimos para Bayona; la distancia era grande; padecimos el calor, pero al fin llegamos al puente de Ir\u00fan. <\/p>\n\n\n<div class=\"wp-block-image\">\n<figure class=\"aligncenter\"><img loading=\"lazy\" decoding=\"async\" width=\"500\" height=\"900\" src=\"http:\/\/www.edicionesplatea.com\/blog\/wp-content\/uploads\/2019\/05\/Memorias-del-capitan-Coignet-Ediciones-Salamina-Vino-de-Malaga.jpg\" alt=\"\" class=\"wp-image-868\" srcset=\"https:\/\/www.edicionesplatea.com\/blog\/wp-content\/uploads\/2019\/05\/Memorias-del-capitan-Coignet-Ediciones-Salamina-Vino-de-Malaga.jpg 500w, https:\/\/www.edicionesplatea.com\/blog\/wp-content\/uploads\/2019\/05\/Memorias-del-capitan-Coignet-Ediciones-Salamina-Vino-de-Malaga-167x300.jpg 167w\" sizes=\"auto, (max-width: 500px) 100vw, 500px\" \/><\/figure>\n<\/div>\n\n\n<p class=\"has-medium-font-size\">Nuestros camaradas encontraron un nido de cigu\u0308e\u00f1a y cogieron a los dos polluelos. Las autoridades vinieron a ver al coronel a reclamarlos; el alcalde demand\u00f3 que se los entregasen, porque estas aves eran necesarias en ese clima para la contenci\u00f3n de serpientes y lagartos; dijo que en su pa\u00eds se penaba con galeras a aquellos que matasen cigu\u0308e\u00f1as. As\u00ed que, por esta raz\u00f3n, se ven por todos sitios; las llanuras est\u00e1n atestadas de ellas, y merodean por las calles de los pueblos. Se les colocan ruedas viejas en lo alto de postes y hacen sus nidos en lo m\u00e1s alto de los edificios.<\/p>\n\n\n\n<p class=\"has-medium-font-size\">Tras haber llegado al lugar de nuestra primera parada, algunos de nuestros soldados encontraron vino de M\u00e1laga a tres sous la botella y se lo bebieron como si fuese suero de leche; se desplomaron completamente borrachos. Fue necesario requisar carros para cargarlos como si fuesen terneros (estaban como muertos). Pasada una semana todav\u00eda era necesario alimentar a nuestros borrachos; eran incapaces de mantener la sopa dentro de la cuchara. Ni un solo soldado pudo comerse su raci\u00f3n, de lo potente que hab\u00eda sido el vino. Llegamos a Vitoria, una ciudad encantadora, de all\u00ed pasamos a Burgos y de \u00e9sta a Valladolid, una ciudad grande y bella&#8230;. <\/p>\n\n\n\n<p class=\"has-medium-font-size\"><strong><a href=\"https:\/\/edicionessalamina.com\/p\/memorias-del-capitan-coignet\">QUIERO EL LIBRO<\/a><\/strong><\/p>\n","protected":false},"excerpt":{"rendered":"<p>Partimos para Bayona; la distancia era grande; padecimos el calor, pero al fin llegamos al puente de Ir\u00fan. Nuestros camaradas encontraron un nido de cigu\u0308e\u00f1a y cogieron a los dos polluelos. Las autoridades vinieron a ver al coronel a reclamarlos; &hellip; <a href=\"https:\/\/www.edicionesplatea.com\/blog\/la-96-a-media-brigada-francesa-y-el-vino-de-malaga-memorias-del-capitan-coignet\/\">Sigue leyendo <span class=\"meta-nav\">&rarr;<\/span><\/a><\/p>\n","protected":false},"author":2,"featured_media":0,"comment_status":"open","ping_status":"open","sticky":false,"template":"","format":"standard","meta":{"footnotes":""},"categories":[391],"tags":[105,219,201,344],"class_list":["post-867","post","type-post","status-publish","format-standard","hentry","category-memorias-del-capitan-coignet","tag-granaderos","tag-grande-armee","tag-napoleon","tag-napoleonico"],"_links":{"self":[{"href":"https:\/\/www.edicionesplatea.com\/blog\/wp-json\/wp\/v2\/posts\/867","targetHints":{"allow":["GET"]}}],"collection":[{"href":"https:\/\/www.edicionesplatea.com\/blog\/wp-json\/wp\/v2\/posts"}],"about":[{"href":"https:\/\/www.edicionesplatea.com\/blog\/wp-json\/wp\/v2\/types\/post"}],"author":[{"embeddable":true,"href":"https:\/\/www.edicionesplatea.com\/blog\/wp-json\/wp\/v2\/users\/2"}],"replies":[{"embeddable":true,"href":"https:\/\/www.edicionesplatea.com\/blog\/wp-json\/wp\/v2\/comments?post=867"}],"version-history":[{"count":3,"href":"https:\/\/www.edicionesplatea.com\/blog\/wp-json\/wp\/v2\/posts\/867\/revisions"}],"predecessor-version":[{"id":2462,"href":"https:\/\/www.edicionesplatea.com\/blog\/wp-json\/wp\/v2\/posts\/867\/revisions\/2462"}],"wp:attachment":[{"href":"https:\/\/www.edicionesplatea.com\/blog\/wp-json\/wp\/v2\/media?parent=867"}],"wp:term":[{"taxonomy":"category","embeddable":true,"href":"https:\/\/www.edicionesplatea.com\/blog\/wp-json\/wp\/v2\/categories?post=867"},{"taxonomy":"post_tag","embeddable":true,"href":"https:\/\/www.edicionesplatea.com\/blog\/wp-json\/wp\/v2\/tags?post=867"}],"curies":[{"name":"wp","href":"https:\/\/api.w.org\/{rel}","templated":true}]}}