{"id":828,"date":"2019-03-13T18:24:53","date_gmt":"2019-03-13T18:24:53","guid":{"rendered":"http:\/\/www.edicionesplatea.com\/blog\/?p=828"},"modified":"2025-02-17T13:34:12","modified_gmt":"2025-02-17T13:34:12","slug":"ofensiva-de-lvov-sandomir-la-daga-al-costado-de-polonia","status":"publish","type":"post","link":"https:\/\/www.edicionesplatea.com\/blog\/ofensiva-de-lvov-sandomir-la-daga-al-costado-de-polonia\/","title":{"rendered":"Ofensiva de L&#8217;vov-Sandomir, la daga al costado de Polonia"},"content":{"rendered":"\n<p>Al igual que en Bielorrusia, la apertura del tel\u00f3n y el comienzo del primer acto consisti\u00f3 en un reconocimiento de batalla. En fecha tan temprana como el 10 de julio hab\u00eda indicadores de que los alemanes pretend\u00edan efectuar un repliegue limitado desde la primera a la segunda posici\u00f3n, que deb\u00eda llevarse a cabo en el \u00faltimo minuto antes del comienzo del ataque con el objeto de asegurar que el grueso de la preparaci\u00f3n artillera cayese sobre trincheras vac\u00edas. <\/p>\n\n\n\n<figure class=\"wp-block-image\"><img loading=\"lazy\" decoding=\"async\" width=\"699\" height=\"395\" src=\"http:\/\/www.edicionesplatea.com\/blog\/wp-content\/uploads\/2019\/03\/De-la-derrota-a-la-victoria-Bagration-Ediciones-Salamina-Lvov-Sandomir.jpg\" alt=\"\" class=\"wp-image-829\" srcset=\"https:\/\/www.edicionesplatea.com\/blog\/wp-content\/uploads\/2019\/03\/De-la-derrota-a-la-victoria-Bagration-Ediciones-Salamina-Lvov-Sandomir.jpg 699w, https:\/\/www.edicionesplatea.com\/blog\/wp-content\/uploads\/2019\/03\/De-la-derrota-a-la-victoria-Bagration-Ediciones-Salamina-Lvov-Sandomir-300x170.jpg 300w\" sizes=\"auto, (max-width: 699px) 100vw, 699px\" \/><\/figure>\n\n\n\n<p>Por tanto, Konev inici\u00f3 acciones de combate a partir de las 22:00 horas del 12 de julio, veinticuatro horas antes del calendario previsto, enviando destacamentos de reconocimiento a los que seguir\u00edan cinco horas m\u00e1s tarde batallones avanzados de cada divisi\u00f3n del primer escal\u00f3n. En el sector norte obtuvieron alg\u00fan \u00e9xito los grupos de choque del 3.er Ej\u00e9rcito de la Guardia y del 13.er Ej\u00e9rcito. La \u00fanica divisi\u00f3n de infanter\u00eda que se enfrentaba a seis sovi\u00e9ticas fue sorprendida mientras se retiraba a su segunda posici\u00f3n, parte del plan alem\u00e1n para escapar de la preparaci\u00f3n artillera y sorprender con el pie cambiado a los atacantes. <\/p>\n\n\n\n<p>A \u00faltimas horas del 13 de julio, el primer escal\u00f3n se hab\u00eda unido a la batalla, y se hab\u00edan conseguido algunos avances de entre 8 y 15 kil\u00f3metros en el sector del 3er Ej\u00e9rcito de la Guardia, penetrando hasta la profundidad de la primera zona de defensa. Sin embargo, los alemanes contaban con poderosas reservas, y las 16.\u00aa y 17.\u00aa Divisiones Panzer detuvieron el avance en la segunda zona de defensa. Un ataque apresuradamente preparado el 14 de julio no consigui\u00f3 avances significativos. La preparaci\u00f3n artillera no logr\u00f3 neutralizar a los defensores, ya que los ca\u00f1ones no dispusieron de tiempo suficiente para estudiar y registrar nuevos planes de fuego, y la inteligencia sobre el despliegue enemigo era, en cualquier caso, vaga e incompleta. <\/p>\n\n\n\n<p>Incluso el empe\u00f1o del destacamento avanzado del ej\u00e9rcito de tanques con el prop\u00f3sito de reforzar los esfuerzos del \u00fanico cuerpo de fusileros exitoso no se tradujo m\u00e1s que en un avance total de apenas 8 kil\u00f3metros.<br> El 15 de julio se prepar\u00f3 con detalle un ataque tras el que deb\u00edan pasar a la ofensiva los segundos escalones t\u00e1cticos siguiendo los pasos de una preparaci\u00f3n artillera y a\u00e9rea mejor planeada, de una hora de duraci\u00f3n, que cont\u00f3 con una densidad de 200 ca\u00f1ones y morteros por kil\u00f3metro.<\/p>\n\n\n\n<p><strong><a href=\"https:\/\/edicionessalamina.com\/p\/de-la-derrota-a-la-victoria-c-j-dick\">QUIERO EL LIBRO<\/a><\/strong><\/p>\n","protected":false},"excerpt":{"rendered":"<p>Al igual que en Bielorrusia, la apertura del tel\u00f3n y el comienzo del primer acto consisti\u00f3 en un reconocimiento de batalla. En fecha tan temprana como el 10 de julio hab\u00eda indicadores de que los alemanes pretend\u00edan efectuar un repliegue &hellip; <a href=\"https:\/\/www.edicionesplatea.com\/blog\/ofensiva-de-lvov-sandomir-la-daga-al-costado-de-polonia\/\">Sigue leyendo <span class=\"meta-nav\">&rarr;<\/span><\/a><\/p>\n","protected":false},"author":2,"featured_media":0,"comment_status":"open","ping_status":"open","sticky":false,"template":"","format":"standard","meta":{"footnotes":""},"categories":[363],"tags":[148,364,365,369,366],"class_list":["post-828","post","type-post","status-publish","format-standard","hentry","category-de-la-derrota-a-la-victoria-bagration","tag-148","tag-arte-operacional","tag-bagration","tag-ejercito-rojo","tag-lvov-sandomir"],"_links":{"self":[{"href":"https:\/\/www.edicionesplatea.com\/blog\/wp-json\/wp\/v2\/posts\/828","targetHints":{"allow":["GET"]}}],"collection":[{"href":"https:\/\/www.edicionesplatea.com\/blog\/wp-json\/wp\/v2\/posts"}],"about":[{"href":"https:\/\/www.edicionesplatea.com\/blog\/wp-json\/wp\/v2\/types\/post"}],"author":[{"embeddable":true,"href":"https:\/\/www.edicionesplatea.com\/blog\/wp-json\/wp\/v2\/users\/2"}],"replies":[{"embeddable":true,"href":"https:\/\/www.edicionesplatea.com\/blog\/wp-json\/wp\/v2\/comments?post=828"}],"version-history":[{"count":3,"href":"https:\/\/www.edicionesplatea.com\/blog\/wp-json\/wp\/v2\/posts\/828\/revisions"}],"predecessor-version":[{"id":2452,"href":"https:\/\/www.edicionesplatea.com\/blog\/wp-json\/wp\/v2\/posts\/828\/revisions\/2452"}],"wp:attachment":[{"href":"https:\/\/www.edicionesplatea.com\/blog\/wp-json\/wp\/v2\/media?parent=828"}],"wp:term":[{"taxonomy":"category","embeddable":true,"href":"https:\/\/www.edicionesplatea.com\/blog\/wp-json\/wp\/v2\/categories?post=828"},{"taxonomy":"post_tag","embeddable":true,"href":"https:\/\/www.edicionesplatea.com\/blog\/wp-json\/wp\/v2\/tags?post=828"}],"curies":[{"name":"wp","href":"https:\/\/api.w.org\/{rel}","templated":true}]}}