{"id":794,"date":"2019-01-31T16:51:29","date_gmt":"2019-01-31T16:51:29","guid":{"rendered":"http:\/\/www.edicionesplatea.com\/blog\/?p=794"},"modified":"2025-02-09T19:36:38","modified_gmt":"2025-02-09T19:36:38","slug":"el-tercio-de-napoles-en-la-batalla-de-wimpfen-batallas-de-la-guerra-de-los-treinta-anos","status":"publish","type":"post","link":"https:\/\/www.edicionesplatea.com\/blog\/el-tercio-de-napoles-en-la-batalla-de-wimpfen-batallas-de-la-guerra-de-los-treinta-anos\/","title":{"rendered":"El tercio de N\u00e1poles en la batalla de Wimpfen &#8211; Batallas de la Guerra de los Treinta A\u00f1os"},"content":{"rendered":"\n<p>Hoy 31 de enero se celebra el d\u00eda de los Tercios, nos unimos con un fragmento de un autor extranjero, William P. Gurthrie, sobre la batalla de Wimpfen.<\/p>\n\n\n<div class=\"wp-block-image\">\n<figure class=\"aligncenter is-resized\"><img loading=\"lazy\" decoding=\"async\" width=\"1024\" height=\"713\" src=\"http:\/\/www.edicionesplatea.com\/blog\/wp-content\/uploads\/2019\/01\/Batalla-de-Wimpfen-Batallas-de-la-Guerra-de-los-Treinta-An\u0303os-Ediciones-Salamina-31enerotercioss-1024x713.jpg\" alt=\"\" class=\"wp-image-795\" style=\"width:582px;height:405px\" srcset=\"https:\/\/www.edicionesplatea.com\/blog\/wp-content\/uploads\/2019\/01\/Batalla-de-Wimpfen-Batallas-de-la-Guerra-de-los-Treinta-An\u0303os-Ediciones-Salamina-31enerotercioss-1024x713.jpg 1024w, https:\/\/www.edicionesplatea.com\/blog\/wp-content\/uploads\/2019\/01\/Batalla-de-Wimpfen-Batallas-de-la-Guerra-de-los-Treinta-An\u0303os-Ediciones-Salamina-31enerotercioss-300x209.jpg 300w, https:\/\/www.edicionesplatea.com\/blog\/wp-content\/uploads\/2019\/01\/Batalla-de-Wimpfen-Batallas-de-la-Guerra-de-los-Treinta-An\u0303os-Ediciones-Salamina-31enerotercioss-768x535.jpg 768w\" sizes=\"auto, (max-width: 1024px) 100vw, 1024px\" \/><figcaption class=\"wp-element-caption\">Batallas de la Guerra de los Treinta A\u00f1os. Vol. I<\/figcaption><\/figure>\n<\/div>\n\n\n<p>Los batallones de la Liga se hab\u00edan detenido m\u00e1s o menos cuando la caballer\u00eda que los apoyaba se march\u00f3, pero los de C\u00f3rdoba no hicieron lo mismo. A pesar de las repetidas descargas de artiller\u00eda los infantes espa\u00f1oles se acercaron a quemarropa a los mosqueteros de la l\u00ednea de carros. Fueron barridos por un mort\u00edfero fuego. Sometidos a esta presi\u00f3n los dos regimientos alemanes del ej\u00e9rcito espa\u00f1ol se deshicieron9. Los propios espa\u00f1oles de C\u00f3rdoba, el legendario Tercio de N\u00e1poles, estando a la altura de su reputaci\u00f3n, formaron en la derecha otro basti\u00f3n similar al que hab\u00eda formado Schmidt en la izquierda.<\/p>\n\n\n\n<p><strong><a href=\"https:\/\/edicionessalamina.com\/p\/batallas-de-la-guerra-de-los-treinta-anos-1o-periodo-william-p-guthrie\">QUIERO EL LIBRO<\/a><\/strong><\/p>\n","protected":false},"excerpt":{"rendered":"<p>Hoy 31 de enero se celebra el d\u00eda de los Tercios, nos unimos con un fragmento de un autor extranjero, William P. Gurthrie, sobre la batalla de Wimpfen. Los batallones de la Liga se hab\u00edan detenido m\u00e1s o menos cuando &hellip; <a href=\"https:\/\/www.edicionesplatea.com\/blog\/el-tercio-de-napoles-en-la-batalla-de-wimpfen-batallas-de-la-guerra-de-los-treinta-anos\/\">Sigue leyendo <span class=\"meta-nav\">&rarr;<\/span><\/a><\/p>\n","protected":false},"author":2,"featured_media":0,"comment_status":"open","ping_status":"open","sticky":false,"template":"","format":"standard","meta":{"footnotes":""},"categories":[152],"tags":[72,360,47,359],"class_list":["post-794","post","type-post","status-publish","format-standard","hentry","category-batallas-guerra-de-los-30-anos","tag-gonzalo-de-cordoba","tag-guthrie","tag-tercios","tag-wimpfen"],"_links":{"self":[{"href":"https:\/\/www.edicionesplatea.com\/blog\/wp-json\/wp\/v2\/posts\/794","targetHints":{"allow":["GET"]}}],"collection":[{"href":"https:\/\/www.edicionesplatea.com\/blog\/wp-json\/wp\/v2\/posts"}],"about":[{"href":"https:\/\/www.edicionesplatea.com\/blog\/wp-json\/wp\/v2\/types\/post"}],"author":[{"embeddable":true,"href":"https:\/\/www.edicionesplatea.com\/blog\/wp-json\/wp\/v2\/users\/2"}],"replies":[{"embeddable":true,"href":"https:\/\/www.edicionesplatea.com\/blog\/wp-json\/wp\/v2\/comments?post=794"}],"version-history":[{"count":3,"href":"https:\/\/www.edicionesplatea.com\/blog\/wp-json\/wp\/v2\/posts\/794\/revisions"}],"predecessor-version":[{"id":2301,"href":"https:\/\/www.edicionesplatea.com\/blog\/wp-json\/wp\/v2\/posts\/794\/revisions\/2301"}],"wp:attachment":[{"href":"https:\/\/www.edicionesplatea.com\/blog\/wp-json\/wp\/v2\/media?parent=794"}],"wp:term":[{"taxonomy":"category","embeddable":true,"href":"https:\/\/www.edicionesplatea.com\/blog\/wp-json\/wp\/v2\/categories?post=794"},{"taxonomy":"post_tag","embeddable":true,"href":"https:\/\/www.edicionesplatea.com\/blog\/wp-json\/wp\/v2\/tags?post=794"}],"curies":[{"name":"wp","href":"https:\/\/api.w.org\/{rel}","templated":true}]}}