{"id":700,"date":"2018-09-26T15:53:47","date_gmt":"2018-09-26T15:53:47","guid":{"rendered":"http:\/\/www.edicionesplatea.com\/blog\/?p=700"},"modified":"2025-02-17T10:02:57","modified_gmt":"2025-02-17T10:02:57","slug":"el-plan-schlieffen-el-plan-que-no-existio","status":"publish","type":"post","link":"https:\/\/www.edicionesplatea.com\/blog\/el-plan-schlieffen-el-plan-que-no-existio\/","title":{"rendered":"El Plan Schlieffen, el plan que no existi\u00f3"},"content":{"rendered":"\n<p>Como sus predecesores, Schlieffen hab\u00eda esbozado varios bocetos operacionales, esquemas y memorandos. Algunos eran m\u00e1s realistas que otros, algunos trabajaban con estructuras de fuerzas y niveles de efectivos hipot\u00e9ticos por entonces no disponibles. A principios de 1906 redact\u00f3 uno de esos documentos.<\/p>\n\n\n<div class=\"wp-block-image\">\n<figure class=\"aligncenter\"><a href=\"http:\/\/www.edicionesplatea.com\/blog\/wp-content\/uploads\/2018\/09\/El-modo-de-hacer-la-guerra-Robert-M-Citino-Ediciones-Salamina-von-Schlieffen.jpg\"><img loading=\"lazy\" decoding=\"async\" width=\"399\" height=\"528\" src=\"http:\/\/www.edicionesplatea.com\/blog\/wp-content\/uploads\/2018\/09\/El-modo-de-hacer-la-guerra-Robert-M-Citino-Ediciones-Salamina-von-Schlieffen.jpg\" alt=\"\" class=\"wp-image-701\" srcset=\"https:\/\/www.edicionesplatea.com\/blog\/wp-content\/uploads\/2018\/09\/El-modo-de-hacer-la-guerra-Robert-M-Citino-Ediciones-Salamina-von-Schlieffen.jpg 399w, https:\/\/www.edicionesplatea.com\/blog\/wp-content\/uploads\/2018\/09\/El-modo-de-hacer-la-guerra-Robert-M-Citino-Ediciones-Salamina-von-Schlieffen-227x300.jpg 227w\" sizes=\"auto, (max-width: 399px) 100vw, 399px\" \/><\/a><\/figure>\n<\/div>\n\n\n<p><\/p>\n\n\n\n<p>Publicado en un libro por el destacado historiador Gerhard Ritter en 1960, es considerado, a\u00fan hoy d\u00eda, por la mayor\u00eda de los historiadores como el Plan Schlieffen. De hecho, era poco m\u00e1s que un Denkschrift, un memorando, no muy distinto de otras docenas preparados durante el periodo en que Schlieffen estuvo en el cargo. No obstante, ninguno de ellos contempl\u00f3 en serio la noci\u00f3n de tener a todo un ej\u00e9rcito alem\u00e1n aislado avanzando alrededor de Par\u00eds por el oeste \u2013una operaci\u00f3n no solo dif\u00edcil sino imposible.<\/p>\n\n\n\n<p>Incluso un lego que echase un vistazo r\u00e1pido a un mapa ver\u00eda que semejante maniobra hubiese dejado expuestas las comunicaciones alemanas y las l\u00edneas de abastecimiento al territorio franc\u00e9s del interior, presumiblemente a rebosar de fuerzas hostiles (si la experiencia de los \u00faltimos meses de la Guerra Franco-Prusiana hab\u00eda sido de alguna utilidad). De hecho, el memorando de 1906 inclu\u00eda en realidad cuerpos que todav\u00eda no exist\u00edan; sin duda, un extra\u00f1o tipo de \u00abplan\u00bb militar&#8230;.<\/p>\n\n\n\n<p><a href=\"https:\/\/edicionessalamina.com\/p\/el-modo-aleman-de-hacer-la-guerra-robert-m-citino\"><strong>QUIERO EL LIBRO<\/strong><\/a><\/p>\n","protected":false},"excerpt":{"rendered":"<p>Como sus predecesores, Schlieffen hab\u00eda esbozado varios bocetos operacionales, esquemas y memorandos. Algunos eran m\u00e1s realistas que otros, algunos trabajaban con estructuras de fuerzas y niveles de efectivos hipot\u00e9ticos por entonces no disponibles. A principios de 1906 redact\u00f3 uno de &hellip; <a href=\"https:\/\/www.edicionesplatea.com\/blog\/el-plan-schlieffen-el-plan-que-no-existio\/\">Sigue leyendo <span class=\"meta-nav\">&rarr;<\/span><\/a><\/p>\n","protected":false},"author":2,"featured_media":0,"comment_status":"open","ping_status":"open","sticky":false,"template":"","format":"standard","meta":{"footnotes":""},"categories":[293],"tags":[63,313,294],"class_list":["post-700","post","type-post","status-publish","format-standard","hentry","category-el-modo-aleman-de-hacer-la-guerra","tag-igm","tag-plan-schlieffen","tag-robert-m-citino"],"_links":{"self":[{"href":"https:\/\/www.edicionesplatea.com\/blog\/wp-json\/wp\/v2\/posts\/700","targetHints":{"allow":["GET"]}}],"collection":[{"href":"https:\/\/www.edicionesplatea.com\/blog\/wp-json\/wp\/v2\/posts"}],"about":[{"href":"https:\/\/www.edicionesplatea.com\/blog\/wp-json\/wp\/v2\/types\/post"}],"author":[{"embeddable":true,"href":"https:\/\/www.edicionesplatea.com\/blog\/wp-json\/wp\/v2\/users\/2"}],"replies":[{"embeddable":true,"href":"https:\/\/www.edicionesplatea.com\/blog\/wp-json\/wp\/v2\/comments?post=700"}],"version-history":[{"count":3,"href":"https:\/\/www.edicionesplatea.com\/blog\/wp-json\/wp\/v2\/posts\/700\/revisions"}],"predecessor-version":[{"id":2418,"href":"https:\/\/www.edicionesplatea.com\/blog\/wp-json\/wp\/v2\/posts\/700\/revisions\/2418"}],"wp:attachment":[{"href":"https:\/\/www.edicionesplatea.com\/blog\/wp-json\/wp\/v2\/media?parent=700"}],"wp:term":[{"taxonomy":"category","embeddable":true,"href":"https:\/\/www.edicionesplatea.com\/blog\/wp-json\/wp\/v2\/categories?post=700"},{"taxonomy":"post_tag","embeddable":true,"href":"https:\/\/www.edicionesplatea.com\/blog\/wp-json\/wp\/v2\/tags?post=700"}],"curies":[{"name":"wp","href":"https:\/\/api.w.org\/{rel}","templated":true}]}}