{"id":69,"date":"2015-04-24T00:15:28","date_gmt":"2015-04-24T00:15:28","guid":{"rendered":"http:\/\/www.edicionesplatea.com\/blog\/?p=69"},"modified":"2025-03-04T22:06:52","modified_gmt":"2025-03-04T22:06:52","slug":"student-y-market-garden-la-rememoracion-de-la-fortaleza-holanda-de-1940","status":"publish","type":"post","link":"https:\/\/www.edicionesplatea.com\/blog\/student-y-market-garden-la-rememoracion-de-la-fortaleza-holanda-de-1940\/","title":{"rendered":"Student y Market Garden, la rememoraci\u00f3n de la Fortaleza Holanda de 1940"},"content":{"rendered":"\n<p><span id=\"fbPhotoSnowliftCaption\" class=\"fbPhotosPhotoCaption\" tabindex=\"0\" data-ft=\"{&quot;tn&quot;:&quot;K&quot;}\"><span class=\"hasCaption\">Un planeador Waco de la primera oleada fue abatido cerca del cuartel general de Student en Vught. <\/span><\/span><\/p>\n\n\n\n<figure class=\"wp-block-image\"><a href=\"http:\/\/www.edicionesplatea.com\/blog\/wp-content\/uploads\/2015\/04\/Nunca-Nieva-P-1.jpg\"><img loading=\"lazy\" decoding=\"async\" width=\"1218\" height=\"774\" src=\"http:\/\/www.edicionesplatea.com\/blog\/wp-content\/uploads\/2015\/04\/Nunca-Nieva-P-1.jpg\" alt=\"Nunca Nieva P-1\" class=\"wp-image-220\" srcset=\"https:\/\/www.edicionesplatea.com\/blog\/wp-content\/uploads\/2015\/04\/Nunca-Nieva-P-1.jpg 1218w, https:\/\/www.edicionesplatea.com\/blog\/wp-content\/uploads\/2015\/04\/Nunca-Nieva-P-1-300x191.jpg 300w, https:\/\/www.edicionesplatea.com\/blog\/wp-content\/uploads\/2015\/04\/Nunca-Nieva-P-1-768x488.jpg 768w, https:\/\/www.edicionesplatea.com\/blog\/wp-content\/uploads\/2015\/04\/Nunca-Nieva-P-1-1024x651.jpg 1024w\" sizes=\"auto, (max-width: 1218px) 100vw, 1218px\" \/><\/a><\/figure>\n\n\n\n<p><\/p>\n\n\n\n<p><span id=\"fbPhotoSnowliftCaption\" class=\"fbPhotosPhotoCaption\" tabindex=\"0\" data-ft=\"{&quot;tn&quot;:&quot;K&quot;}\"><span class=\"hasCaption\">Al rebuscar entre los restos, un feldwebel encontr\u00f3 una cantidad de documentos de tal importancia que en ecuesti\u00f3n de horas estaban en el escritorio del general. Se trataba de un conjunto de \u00f3rdenes para Market, el plan a\u00e9reo. El generaloberst Student inm<span class=\"text_exposed_show\">ediatamente comprendi\u00f3 el significado pleno del plan aliado. <\/span><\/span><\/span><\/p>\n\n\n\n<p><span id=\"fbPhotoSnowliftCaption\" class=\"fbPhotosPhotoCaption\" tabindex=\"0\" data-ft=\"{&quot;tn&quot;:&quot;K&quot;}\"><span class=\"hasCaption\"><span class=\"text_exposed_show\">\u00c9l mismo hab\u00eda iniciado y dirigido una operaci\u00f3n similar cuatro a\u00f1os antes. Entonces, en mayo de 1940, el objetivo fue tender una alfombra paracaidista a trav\u00e9s de los r\u00edos y canales que formaban la \u00abFortaleza Holanda\u00bb. Esta vez eran los aliados los que intentaban establecer una cabeza de puente a trav\u00e9s del bajo Rin, yendo en el otro sentido.<\/span><\/span><\/span><\/p>\n\n\n\n<p><strong><a href=\"https:\/\/edicionessalamina.com\/p\/nunca-nieva-en-septiembre-robert-kershaw\">QUIERO EL LIBRO<\/a><\/strong><\/p>\n","protected":false},"excerpt":{"rendered":"<p>Un planeador Waco de la primera oleada fue abatido cerca del cuartel general de Student en Vught. Al rebuscar entre los restos, un feldwebel encontr\u00f3 una cantidad de documentos de tal importancia que en ecuesti\u00f3n de horas estaban en el &hellip; <a href=\"https:\/\/www.edicionesplatea.com\/blog\/student-y-market-garden-la-rememoracion-de-la-fortaleza-holanda-de-1940\/\">Sigue leyendo <span class=\"meta-nav\">&rarr;<\/span><\/a><\/p>\n","protected":false},"author":1,"featured_media":0,"comment_status":"open","ping_status":"open","sticky":false,"template":"","format":"standard","meta":{"footnotes":""},"categories":[24],"tags":[27,26,23,25],"class_list":["post-69","post","type-post","status-publish","format-standard","hentry","category-nunca-nieva-en-septiembre","tag-fortaleza-holanda","tag-market-garden","tag-paracaidistas","tag-student"],"_links":{"self":[{"href":"https:\/\/www.edicionesplatea.com\/blog\/wp-json\/wp\/v2\/posts\/69","targetHints":{"allow":["GET"]}}],"collection":[{"href":"https:\/\/www.edicionesplatea.com\/blog\/wp-json\/wp\/v2\/posts"}],"about":[{"href":"https:\/\/www.edicionesplatea.com\/blog\/wp-json\/wp\/v2\/types\/post"}],"author":[{"embeddable":true,"href":"https:\/\/www.edicionesplatea.com\/blog\/wp-json\/wp\/v2\/users\/1"}],"replies":[{"embeddable":true,"href":"https:\/\/www.edicionesplatea.com\/blog\/wp-json\/wp\/v2\/comments?post=69"}],"version-history":[{"count":3,"href":"https:\/\/www.edicionesplatea.com\/blog\/wp-json\/wp\/v2\/posts\/69\/revisions"}],"predecessor-version":[{"id":2811,"href":"https:\/\/www.edicionesplatea.com\/blog\/wp-json\/wp\/v2\/posts\/69\/revisions\/2811"}],"wp:attachment":[{"href":"https:\/\/www.edicionesplatea.com\/blog\/wp-json\/wp\/v2\/media?parent=69"}],"wp:term":[{"taxonomy":"category","embeddable":true,"href":"https:\/\/www.edicionesplatea.com\/blog\/wp-json\/wp\/v2\/categories?post=69"},{"taxonomy":"post_tag","embeddable":true,"href":"https:\/\/www.edicionesplatea.com\/blog\/wp-json\/wp\/v2\/tags?post=69"}],"curies":[{"name":"wp","href":"https:\/\/api.w.org\/{rel}","templated":true}]}}