{"id":681,"date":"2018-09-11T15:31:14","date_gmt":"2018-09-11T15:31:14","guid":{"rendered":"http:\/\/www.edicionesplatea.com\/blog\/?p=681"},"modified":"2025-02-11T13:28:05","modified_gmt":"2025-02-11T13:28:05","slug":"patton-los-periodistas-y-el-temor-a-los-carros-de-combate-alemanes","status":"publish","type":"post","link":"https:\/\/www.edicionesplatea.com\/blog\/patton-los-periodistas-y-el-temor-a-los-carros-de-combate-alemanes\/","title":{"rendered":"Patton, los periodistas y el temor a los carros de combate alemanes"},"content":{"rendered":"\n<p>Luego surgi\u00f3 la cuesti\u00f3n de nuestros carros de combate en relaci\u00f3n con los carros alemanes, y respond\u00ed diciendo que en el transcurso de los combates librados hasta el momento hab\u00edamos destruido dos carros alemanes por cada uno perdido. Declar\u00e9 tambi\u00e9n que todo nuestro equipo, indumentaria, etc., era superior a cualquier cosa que tuvieran los Aliados o los alemanes.<\/p>\n\n\n<div class=\"wp-block-image\">\n<figure class=\"aligncenter\"><a href=\"http:\/\/www.edicionesplatea.com\/blog\/wp-content\/uploads\/2018\/09\/General-Patton-La-guerra-como-la-conoc\u00ed-Ediciones-Salamina-Periodistas.jpg\"><img loading=\"lazy\" decoding=\"async\" width=\"640\" height=\"480\" src=\"http:\/\/www.edicionesplatea.com\/blog\/wp-content\/uploads\/2018\/09\/General-Patton-La-guerra-como-la-conoc\u00ed-Ediciones-Salamina-Periodistas.jpg\" alt=\"\" class=\"wp-image-682\" srcset=\"https:\/\/www.edicionesplatea.com\/blog\/wp-content\/uploads\/2018\/09\/General-Patton-La-guerra-como-la-conoc\u00ed-Ediciones-Salamina-Periodistas.jpg 640w, https:\/\/www.edicionesplatea.com\/blog\/wp-content\/uploads\/2018\/09\/General-Patton-La-guerra-como-la-conoc\u00ed-Ediciones-Salamina-Periodistas-300x225.jpg 300w\" sizes=\"auto, (max-width: 640px) 100vw, 640px\" \/><\/a><\/figure>\n<\/div>\n\n\n<p><\/p>\n\n\n\n<p>Pensando en las cr\u00edticas a los carros de combate a ra\u00edz de la conversaci\u00f3n mantenida con los corresponsales de prensa, escrib\u00ed una carta al general Handy repiti\u00e9ndole lo que le hab\u00eda dicho a los mismos. Esta carta recibi\u00f3 un amplia difusi\u00f3n y tuvo un efecto considerable en el freno de esa cr\u00edtica est\u00fapida, que no solo era incierta, sino que adem\u00e1s ejerc\u00eda un mal efecto en la moral de nuestros soldados. La historia que se difundi\u00f3 por toda Norteam\u00e9rica sobre que nuestros carros eran inferiores a los alemanes lleg\u00f3 al fin a los soldados de primera l\u00ednea y caus\u00f3 alguna aprehensi\u00f3n entre ellos.<\/p>\n\n\n\n<p>Si cogemos dos carros de combate y los comparamos punto por punto \u2014ca\u00f1\u00f3n, velocidad inicial, protecci\u00f3n del blindaje, etc.\u2014 quiz\u00e1 hubiera una ventaja&nbsp; para el carro alem\u00e1n si se comparaban los suyos m\u00e1s pesados con los nuestros de la \u00e9poca. Si los dos carros se encontraban en la calle de una villa y tuvieran que combatir, permaneciendo constantes el resto de condicionantes, probablemente el carro norteamericano se hubiera llevado la peor parte. Sin embargo, no era esta la idea del general sobre c\u00f3mo deb\u00edan utilizarse los carros en combate. Su idea consist\u00eda en no utilizar nunca los blindados en combates carro contra carro, sino penetrar las l\u00edneas enemigas y luego sembrar el caos en la retaguardia.<\/p>\n\n\n\n<p><strong><a href=\"https:\/\/edicionessalamina.com\/p\/la-guerra-como-la-conoci-general-george-s-patton\">QUIERO EL LIBRO<\/a><\/strong><\/p>\n\n\n\n<p><strong>Promoci\u00f3n exclusiva tienda online:<\/strong><\/p>\n\n\n\n<p>Ll\u00e9vate de regalo el mapa del U.S. Army de la zona de Bastogne para que puedas seguir las operaciones y el espectacular giro del Tercer Ej\u00e9rcito ejecutado por Patton en la Batalla de las Ardenas por una cara y de la operaci\u00f3n de asalto a Sicilia por la otra a todo color. Mapa gigante y a color, 42\u00d759 cm.<\/p>\n\n\n\n<figure class=\"wp-block-image size-full is-resized\"><a href=\"https:\/\/www.edicionesplatea.com\/blog\/wp-content\/uploads\/2018\/09\/imagen.png\"><img loading=\"lazy\" decoding=\"async\" width=\"720\" height=\"505\" src=\"https:\/\/www.edicionesplatea.com\/blog\/wp-content\/uploads\/2018\/09\/imagen.png\" alt=\"\" class=\"wp-image-2326\" style=\"width:537px;height:auto\" srcset=\"https:\/\/www.edicionesplatea.com\/blog\/wp-content\/uploads\/2018\/09\/imagen.png 720w, https:\/\/www.edicionesplatea.com\/blog\/wp-content\/uploads\/2018\/09\/imagen-300x210.png 300w\" sizes=\"auto, (max-width: 720px) 100vw, 720px\" \/><\/a><\/figure>\n","protected":false},"excerpt":{"rendered":"<p>Luego surgi\u00f3 la cuesti\u00f3n de nuestros carros de combate en relaci\u00f3n con los carros alemanes, y respond\u00ed diciendo que en el transcurso de los combates librados hasta el momento hab\u00edamos destruido dos carros alemanes por cada uno perdido. Declar\u00e9 tambi\u00e9n &hellip; <a href=\"https:\/\/www.edicionesplatea.com\/blog\/patton-los-periodistas-y-el-temor-a-los-carros-de-combate-alemanes\/\">Sigue leyendo <span class=\"meta-nav\">&rarr;<\/span><\/a><\/p>\n","protected":false},"author":2,"featured_media":0,"comment_status":"open","ping_status":"open","sticky":false,"template":"","format":"standard","meta":{"footnotes":""},"categories":[193],"tags":[148,306,20,305],"class_list":["post-681","post","type-post","status-publish","format-standard","hentry","category-la-guerra-como-la-conoci","tag-148","tag-carros-alemanes","tag-patton","tag-periodistas"],"_links":{"self":[{"href":"https:\/\/www.edicionesplatea.com\/blog\/wp-json\/wp\/v2\/posts\/681","targetHints":{"allow":["GET"]}}],"collection":[{"href":"https:\/\/www.edicionesplatea.com\/blog\/wp-json\/wp\/v2\/posts"}],"about":[{"href":"https:\/\/www.edicionesplatea.com\/blog\/wp-json\/wp\/v2\/types\/post"}],"author":[{"embeddable":true,"href":"https:\/\/www.edicionesplatea.com\/blog\/wp-json\/wp\/v2\/users\/2"}],"replies":[{"embeddable":true,"href":"https:\/\/www.edicionesplatea.com\/blog\/wp-json\/wp\/v2\/comments?post=681"}],"version-history":[{"count":2,"href":"https:\/\/www.edicionesplatea.com\/blog\/wp-json\/wp\/v2\/posts\/681\/revisions"}],"predecessor-version":[{"id":2327,"href":"https:\/\/www.edicionesplatea.com\/blog\/wp-json\/wp\/v2\/posts\/681\/revisions\/2327"}],"wp:attachment":[{"href":"https:\/\/www.edicionesplatea.com\/blog\/wp-json\/wp\/v2\/media?parent=681"}],"wp:term":[{"taxonomy":"category","embeddable":true,"href":"https:\/\/www.edicionesplatea.com\/blog\/wp-json\/wp\/v2\/categories?post=681"},{"taxonomy":"post_tag","embeddable":true,"href":"https:\/\/www.edicionesplatea.com\/blog\/wp-json\/wp\/v2\/tags?post=681"}],"curies":[{"name":"wp","href":"https:\/\/api.w.org\/{rel}","templated":true}]}}