{"id":65,"date":"2015-04-10T00:05:30","date_gmt":"2015-04-10T00:05:30","guid":{"rendered":"http:\/\/www.edicionesplatea.com\/blog\/?p=65"},"modified":"2025-02-06T21:14:34","modified_gmt":"2025-02-06T21:14:34","slug":"patton-se-queja-de-todos-norteamericanos-britanicos-y-el-comandante-supremo","status":"publish","type":"post","link":"https:\/\/www.edicionesplatea.com\/blog\/patton-se-queja-de-todos-norteamericanos-britanicos-y-el-comandante-supremo\/","title":{"rendered":"Patton se queja de todos: norteamericanos, brit\u00e1nicos&#8230; y el comandante supremo"},"content":{"rendered":"\n<p><span id=\"fbPhotoSnowliftCaption\" class=\"fbPhotosPhotoCaption\" tabindex=\"0\" data-ft=\"{&quot;tn&quot;:&quot;K&quot;}\"><span class=\"hasCaption\"><a class=\"_58cn\" href=\"https:\/\/www.facebook.com\/hashtag\/citino\" data-ft=\"{&quot;tn&quot;:&quot;*N&quot;,&quot;type&quot;:104}\">#Citino<\/a> <a class=\"_58cn\" href=\"https:\/\/www.facebook.com\/hashtag\/lawerhmachtseretira\" data-ft=\"{&quot;tn&quot;:&quot;*N&quot;,&quot;type&quot;:104}\">#LaWerhmachtSeRetira<\/a> Cap\u00edtulo 3 &#8211; T\u00fanez: No ten\u00eda sentido echarle la culpa al tiempo. <\/span><\/span><\/p>\n\n\n\n<figure class=\"wp-block-image\"><a href=\"http:\/\/www.edicionesplatea.com\/blog\/wp-content\/uploads\/2015\/04\/La-Wehrmacht-P-2.jpg\"><img loading=\"lazy\" decoding=\"async\" width=\"2895\" height=\"2156\" src=\"http:\/\/www.edicionesplatea.com\/blog\/wp-content\/uploads\/2015\/04\/La-Wehrmacht-P-2.jpg\" alt=\"La Wehrmacht P-2\" class=\"wp-image-216\" srcset=\"https:\/\/www.edicionesplatea.com\/blog\/wp-content\/uploads\/2015\/04\/La-Wehrmacht-P-2.jpg 2895w, https:\/\/www.edicionesplatea.com\/blog\/wp-content\/uploads\/2015\/04\/La-Wehrmacht-P-2-300x223.jpg 300w, https:\/\/www.edicionesplatea.com\/blog\/wp-content\/uploads\/2015\/04\/La-Wehrmacht-P-2-768x572.jpg 768w, https:\/\/www.edicionesplatea.com\/blog\/wp-content\/uploads\/2015\/04\/La-Wehrmacht-P-2-1024x763.jpg 1024w\" sizes=\"auto, (max-width: 2895px) 100vw, 2895px\" \/><\/a><\/figure>\n\n\n\n<p><\/p>\n\n\n\n<p><span id=\"fbPhotoSnowliftCaption\" class=\"fbPhotosPhotoCaption\" tabindex=\"0\" data-ft=\"{&quot;tn&quot;:&quot;K&quot;}\"><span class=\"hasCaption\">Hab\u00eda estado estudiando la guerra durante mucho tiempo y lo primero que se aprende es que ambos bandos sufren el clima. Pero esto era peor que el tiempo. Los hombres no luchaban, los carros de combate no serv\u00edan para nada &#8211; y que ni siquiera le hablaran de esos cazacarros -. Georgie ten\u00eda raz\u00f3n. Los hombres eran malos y los oficiales peores. Y los brit\u00e1nicos insufribles. Entonces surg\u00eda el delicado tema del Comandante Supremo, el comandante \u00absin probar\u00bb&#8230;.. <\/span><\/span><\/p>\n\n\n\n<p><span id=\"fbPhotoSnowliftCaption\" class=\"fbPhotosPhotoCaption\" tabindex=\"0\" data-ft=\"{&quot;tn&quot;:&quot;K&quot;}\"><span class=\"hasCaption\"><strong><a href=\"https:\/\/edicionessalamina.com\/p\/la-wehrmacht-se-retira-robert-m-citino\" target=\"_blank\" rel=\"noreferrer noopener nofollow\">QUIERO EL LIBRO<\/a><\/strong><\/span><span class=\"hasCaption\"><\/span><\/span><\/p>\n","protected":false},"excerpt":{"rendered":"<p>#Citino #LaWerhmachtSeRetira Cap\u00edtulo 3 &#8211; T\u00fanez: No ten\u00eda sentido echarle la culpa al tiempo. Hab\u00eda estado estudiando la guerra durante mucho tiempo y lo primero que se aprende es que ambos bandos sufren el clima. Pero esto era peor que &hellip; <a href=\"https:\/\/www.edicionesplatea.com\/blog\/patton-se-queja-de-todos-norteamericanos-britanicos-y-el-comandante-supremo\/\">Sigue leyendo <span class=\"meta-nav\">&rarr;<\/span><\/a><\/p>\n","protected":false},"author":1,"featured_media":0,"comment_status":"open","ping_status":"open","sticky":false,"template":"","format":"standard","meta":{"footnotes":""},"categories":[9],"tags":[21,20],"class_list":["post-65","post","type-post","status-publish","format-standard","hentry","category-la-wehrmacht-se-retira","tag-norte-de-africa","tag-patton"],"_links":{"self":[{"href":"https:\/\/www.edicionesplatea.com\/blog\/wp-json\/wp\/v2\/posts\/65","targetHints":{"allow":["GET"]}}],"collection":[{"href":"https:\/\/www.edicionesplatea.com\/blog\/wp-json\/wp\/v2\/posts"}],"about":[{"href":"https:\/\/www.edicionesplatea.com\/blog\/wp-json\/wp\/v2\/types\/post"}],"author":[{"embeddable":true,"href":"https:\/\/www.edicionesplatea.com\/blog\/wp-json\/wp\/v2\/users\/1"}],"replies":[{"embeddable":true,"href":"https:\/\/www.edicionesplatea.com\/blog\/wp-json\/wp\/v2\/comments?post=65"}],"version-history":[{"count":3,"href":"https:\/\/www.edicionesplatea.com\/blog\/wp-json\/wp\/v2\/posts\/65\/revisions"}],"predecessor-version":[{"id":2221,"href":"https:\/\/www.edicionesplatea.com\/blog\/wp-json\/wp\/v2\/posts\/65\/revisions\/2221"}],"wp:attachment":[{"href":"https:\/\/www.edicionesplatea.com\/blog\/wp-json\/wp\/v2\/media?parent=65"}],"wp:term":[{"taxonomy":"category","embeddable":true,"href":"https:\/\/www.edicionesplatea.com\/blog\/wp-json\/wp\/v2\/categories?post=65"},{"taxonomy":"post_tag","embeddable":true,"href":"https:\/\/www.edicionesplatea.com\/blog\/wp-json\/wp\/v2\/tags?post=65"}],"curies":[{"name":"wp","href":"https:\/\/api.w.org\/{rel}","templated":true}]}}