{"id":58,"date":"2015-03-25T23:49:45","date_gmt":"2015-03-25T23:49:45","guid":{"rendered":"http:\/\/www.edicionesplatea.com\/blog\/?p=58"},"modified":"2025-02-06T21:13:31","modified_gmt":"2025-02-06T21:13:31","slug":"manstein-y-hitler-cara-a-cara","status":"publish","type":"post","link":"https:\/\/www.edicionesplatea.com\/blog\/manstein-y-hitler-cara-a-cara\/","title":{"rendered":"Manstein y Hitler cara a cara"},"content":{"rendered":"\n<p><span id=\"fbPhotoSnowliftCaption\" class=\"fbPhotosPhotoCaption\" tabindex=\"0\" data-ft=\"{&quot;tn&quot;:&quot;K&quot;}\"><span class=\"hasCaption\"><a class=\"_58cn\" href=\"https:\/\/www.facebook.com\/hashtag\/lawehrmachtseretira\" data-ft=\"{&quot;tn&quot;:&quot;*N&quot;,&quot;type&quot;:104}\">#LAWEHRMACHTSERETIRA<\/a> <a class=\"_58cn\" href=\"https:\/\/www.facebook.com\/hashtag\/citino\" data-ft=\"{&quot;tn&quot;:&quot;*N&quot;,&quot;type&quot;:104}\">#Citino<\/a> &#8211; \u00abManstein pint\u00f3 la conferencia de un modo \u00e9pico, como una lucha de voluntades entre dos hombres volcados en dos visiones radicalmente diferentes sobre la guerra, lo cierto es que en aquel momento de la contienda hab\u00eda una sinergia entre ambos: <\/span><\/span><\/p>\n\n\n\n<figure class=\"wp-block-image\"><a href=\"http:\/\/www.edicionesplatea.com\/blog\/wp-content\/uploads\/2015\/03\/La-Wehrmacht-P-1.jpg\"><img loading=\"lazy\" decoding=\"async\" width=\"800\" height=\"526\" src=\"http:\/\/www.edicionesplatea.com\/blog\/wp-content\/uploads\/2015\/03\/La-Wehrmacht-P-1.jpg\" alt=\"La Wehrmacht P-1\" class=\"wp-image-208\" srcset=\"https:\/\/www.edicionesplatea.com\/blog\/wp-content\/uploads\/2015\/03\/La-Wehrmacht-P-1.jpg 800w, https:\/\/www.edicionesplatea.com\/blog\/wp-content\/uploads\/2015\/03\/La-Wehrmacht-P-1-300x197.jpg 300w, https:\/\/www.edicionesplatea.com\/blog\/wp-content\/uploads\/2015\/03\/La-Wehrmacht-P-1-768x505.jpg 768w\" sizes=\"auto, (max-width: 800px) 100vw, 800px\" \/><\/a><\/figure>\n\n\n\n<p><\/p>\n\n\n\n<p>el operador y el abogado de la Halte-Strategie. Hitler, a pesar de toda su irracionalidad en otras cuestiones probablemente hab\u00eda tenido raz\u00f3n, hasta entonces en su pol\u00edtica de nada de retiradas. Una retirada de fuerzas inm\u00f3viles en medio del invierno no ten\u00eda sentido y casi con toda seguridad habr\u00eda dado como resultado bajas alemanas m\u00e1s elevadas que las catastr\u00f3ficas<span id=\"fbPhotoSnowliftCaption\" class=\"fbPhotosPhotoCaption\" tabindex=\"0\" data-ft=\"{&quot;tn&quot;:&quot;K&quot;}\"><span class=\"hasCaption\"><span class=\"text_exposed_show\"> p\u00e9rdidas que ya se hab\u00edan sufrido. Pero Manstein tambi\u00e9n ten\u00eda raz\u00f3n: hab\u00eda llegado el momento de maniobrar, de recuperar la \u00abmovilidad operacional\u00bb y de combatir con la guerra de movimientos, el tipo de guerra en que pod\u00eda reafirmarse la superioridad alemana, tanto en liderazgo como en tropas&#8230;.\u00bb <\/span><\/span><\/span><\/p>\n\n\n\n<p><strong><a href=\"https:\/\/edicionessalamina.com\/p\/la-wehrmacht-se-retira-robert-m-citino\">QUIERO EL LIBRO<\/a><\/strong><\/p>\n","protected":false},"excerpt":{"rendered":"<p>#LAWEHRMACHTSERETIRA #Citino &#8211; \u00abManstein pint\u00f3 la conferencia de un modo \u00e9pico, como una lucha de voluntades entre dos hombres volcados en dos visiones radicalmente diferentes sobre la guerra, lo cierto es que en aquel momento de la contienda hab\u00eda una &hellip; <a href=\"https:\/\/www.edicionesplatea.com\/blog\/manstein-y-hitler-cara-a-cara\/\">Sigue leyendo <span class=\"meta-nav\">&rarr;<\/span><\/a><\/p>\n","protected":false},"author":1,"featured_media":208,"comment_status":"open","ping_status":"open","sticky":false,"template":"","format":"standard","meta":{"footnotes":""},"categories":[9],"tags":[11,12,10],"class_list":["post-58","post","type-post","status-publish","format-standard","has-post-thumbnail","hentry","category-la-wehrmacht-se-retira","tag-11","tag-citino","tag-hitler-manstein"],"_links":{"self":[{"href":"https:\/\/www.edicionesplatea.com\/blog\/wp-json\/wp\/v2\/posts\/58","targetHints":{"allow":["GET"]}}],"collection":[{"href":"https:\/\/www.edicionesplatea.com\/blog\/wp-json\/wp\/v2\/posts"}],"about":[{"href":"https:\/\/www.edicionesplatea.com\/blog\/wp-json\/wp\/v2\/types\/post"}],"author":[{"embeddable":true,"href":"https:\/\/www.edicionesplatea.com\/blog\/wp-json\/wp\/v2\/users\/1"}],"replies":[{"embeddable":true,"href":"https:\/\/www.edicionesplatea.com\/blog\/wp-json\/wp\/v2\/comments?post=58"}],"version-history":[{"count":4,"href":"https:\/\/www.edicionesplatea.com\/blog\/wp-json\/wp\/v2\/posts\/58\/revisions"}],"predecessor-version":[{"id":2220,"href":"https:\/\/www.edicionesplatea.com\/blog\/wp-json\/wp\/v2\/posts\/58\/revisions\/2220"}],"wp:featuredmedia":[{"embeddable":true,"href":"https:\/\/www.edicionesplatea.com\/blog\/wp-json\/wp\/v2\/media\/208"}],"wp:attachment":[{"href":"https:\/\/www.edicionesplatea.com\/blog\/wp-json\/wp\/v2\/media?parent=58"}],"wp:term":[{"taxonomy":"category","embeddable":true,"href":"https:\/\/www.edicionesplatea.com\/blog\/wp-json\/wp\/v2\/categories?post=58"},{"taxonomy":"post_tag","embeddable":true,"href":"https:\/\/www.edicionesplatea.com\/blog\/wp-json\/wp\/v2\/tags?post=58"}],"curies":[{"name":"wp","href":"https:\/\/api.w.org\/{rel}","templated":true}]}}