{"id":534,"date":"2018-04-30T15:56:21","date_gmt":"2018-04-30T15:56:21","guid":{"rendered":"http:\/\/www.edicionesplatea.com\/blog\/?p=534"},"modified":"2025-02-11T13:44:42","modified_gmt":"2025-02-11T13:44:42","slug":"primera-escaramuza-en-salvador-de-bahia-y-muerte-del-maestre-de-campo-don-pedro-de-osorio","status":"publish","type":"post","link":"https:\/\/www.edicionesplatea.com\/blog\/primera-escaramuza-en-salvador-de-bahia-y-muerte-del-maestre-de-campo-don-pedro-de-osorio\/","title":{"rendered":"Primera escaramuza en Salvador de Bah\u00eda y muerte del maestre de campo don Pedro de Osorio"},"content":{"rendered":"\n<p>La escaramuza dur\u00f3 m\u00e1s de una hora. Pero el dicho alf\u00e9rez de Vega, como soldado advertido, acudi\u00f3 a sus obligaciones como a todos es notorio, defendiendo el puesto que tanto importaba, aunque con artiller\u00eda y mosqueter\u00eda desde ventanas, puertas y tejados, no dejaron cosa en su ser.<\/p>\n\n\n<div class=\"wp-block-image\">\n<figure class=\"aligncenter\"><a href=\"http:\/\/www.edicionesplatea.com\/blog\/wp-content\/uploads\/2018\/04\/Los-Tercios-en-America-Ediciones-Salamina-Hugo-A-Ca\u00f1ete-Muerte-Osorio.jpg\"><img loading=\"lazy\" decoding=\"async\" width=\"800\" height=\"533\" src=\"http:\/\/www.edicionesplatea.com\/blog\/wp-content\/uploads\/2018\/04\/Los-Tercios-en-America-Ediciones-Salamina-Hugo-A-Ca\u00f1ete-Muerte-Osorio.jpg\" alt=\"\" class=\"wp-image-535\" srcset=\"https:\/\/www.edicionesplatea.com\/blog\/wp-content\/uploads\/2018\/04\/Los-Tercios-en-America-Ediciones-Salamina-Hugo-A-Ca\u00f1ete-Muerte-Osorio.jpg 800w, https:\/\/www.edicionesplatea.com\/blog\/wp-content\/uploads\/2018\/04\/Los-Tercios-en-America-Ediciones-Salamina-Hugo-A-Ca\u00f1ete-Muerte-Osorio-300x200.jpg 300w, https:\/\/www.edicionesplatea.com\/blog\/wp-content\/uploads\/2018\/04\/Los-Tercios-en-America-Ediciones-Salamina-Hugo-A-Ca\u00f1ete-Muerte-Osorio-768x512.jpg 768w\" sizes=\"auto, (max-width: 800px) 100vw, 800px\" \/><\/a><\/figure>\n<\/div>\n\n\n<p><\/p>\n\n\n\n<p>Le mataron a dos hombres y le hirieron a tres. No desistiendo el enemigo de su intenci\u00f3n, temiendo el maestre de campo don Pedro Osorio que se apoderasen de la iglesia y del convento, por la poca gente que ten\u00eda consigo el alf\u00e9rez Dami\u00e1n de Vega, los embisti\u00f3 valerosamente con la compa\u00f1\u00eda del capit\u00e1n don Enrique de Alag\u00f3n, de su tercio, acudiendo tambi\u00e9n, como se ha dicho, la de don Pedro de Santisteban y la de don Diego Ram\u00edrez de Haro.<\/p>\n\n\n\n<p>Socorri\u00f3 la iglesia el maestre de campo, y hall\u00e1ndose empe\u00f1ado en hacer que se retiraran los enemigos, pareci\u00e9ndole que los pod\u00eda degollar, los atac\u00f3 con m\u00e1s valor que disciplina militar. El enemigo, que no deseaba otra cosa, se fue retirando con cautela e incitando la carga de los nuestros hasta que los sac\u00f3 a lugar en que quedaron a descubierto de la ciudad, donde desde los caballeros y terraplenes de las murallas ten\u00edan asestada mucha artiller\u00eda y la mosqueter\u00eda a punto.<\/p>\n\n\n\n<!--more-->\n\n\n\n<p>En ese tiempo iban los nuestros cargando y el enemigo retir\u00e1ndose con prisa hasta meterse debajo de su muralla, habi\u00e9ndolos seguido los nuestros hasta all\u00ed. Entonces, preparados ellos y los que estaban en las murallas, comenzaron a darnos gruesas e incesables descargas de artiller\u00eda y mosqueter\u00eda. Hirieron de muerte al maestre de campo don Pedro Osorio, que no vivi\u00f3 m\u00e1s de dos horas, muerte muy sentida, y asimismo salieron muy mal heridos los cuatro capitanes de arcabuceros, los tres de aqu<em>\u00ed<\/em> y don Diego de Espinosa <em>[que acudi\u00f3 al rescate]<\/em>, y en el cuartel del maestre de campo general otros caballeros y soldados particulares.<\/p>\n\n\n\n<p><strong><a href=\"https:\/\/edicionessalamina.com\/p\/los-tercios-en-america-hugo-a-canete\">QUIERO EL LIBRO<\/a><\/strong><\/p>\n","protected":false},"excerpt":{"rendered":"<p>La escaramuza dur\u00f3 m\u00e1s de una hora. Pero el dicho alf\u00e9rez de Vega, como soldado advertido, acudi\u00f3 a sus obligaciones como a todos es notorio, defendiendo el puesto que tanto importaba, aunque con artiller\u00eda y mosqueter\u00eda desde ventanas, puertas y &hellip; <a href=\"https:\/\/www.edicionesplatea.com\/blog\/primera-escaramuza-en-salvador-de-bahia-y-muerte-del-maestre-de-campo-don-pedro-de-osorio\/\">Sigue leyendo <span class=\"meta-nav\">&rarr;<\/span><\/a><\/p>\n","protected":false},"author":2,"featured_media":0,"comment_status":"open","ping_status":"open","sticky":false,"template":"","format":"standard","meta":{"footnotes":""},"categories":[226],"tags":[230,228,229,227,47],"class_list":["post-534","post","type-post","status-publish","format-standard","hentry","category-los-tercios-en-america","tag-230","tag-brasil","tag-guerra-de-los-treinta-anos","tag-salvador-de-bahia","tag-tercios"],"_links":{"self":[{"href":"https:\/\/www.edicionesplatea.com\/blog\/wp-json\/wp\/v2\/posts\/534","targetHints":{"allow":["GET"]}}],"collection":[{"href":"https:\/\/www.edicionesplatea.com\/blog\/wp-json\/wp\/v2\/posts"}],"about":[{"href":"https:\/\/www.edicionesplatea.com\/blog\/wp-json\/wp\/v2\/types\/post"}],"author":[{"embeddable":true,"href":"https:\/\/www.edicionesplatea.com\/blog\/wp-json\/wp\/v2\/users\/2"}],"replies":[{"embeddable":true,"href":"https:\/\/www.edicionesplatea.com\/blog\/wp-json\/wp\/v2\/comments?post=534"}],"version-history":[{"count":2,"href":"https:\/\/www.edicionesplatea.com\/blog\/wp-json\/wp\/v2\/posts\/534\/revisions"}],"predecessor-version":[{"id":2346,"href":"https:\/\/www.edicionesplatea.com\/blog\/wp-json\/wp\/v2\/posts\/534\/revisions\/2346"}],"wp:attachment":[{"href":"https:\/\/www.edicionesplatea.com\/blog\/wp-json\/wp\/v2\/media?parent=534"}],"wp:term":[{"taxonomy":"category","embeddable":true,"href":"https:\/\/www.edicionesplatea.com\/blog\/wp-json\/wp\/v2\/categories?post=534"},{"taxonomy":"post_tag","embeddable":true,"href":"https:\/\/www.edicionesplatea.com\/blog\/wp-json\/wp\/v2\/tags?post=534"}],"curies":[{"name":"wp","href":"https:\/\/api.w.org\/{rel}","templated":true}]}}