{"id":52,"date":"2015-03-18T23:39:55","date_gmt":"2015-03-18T23:39:55","guid":{"rendered":"http:\/\/www.edicionesplatea.com\/blog\/?p=52"},"modified":"2025-02-09T18:35:56","modified_gmt":"2025-02-09T18:35:56","slug":"los-problemas-de-salto-de-los-paracaidistas-norteamericanos-en-normandia-dia-d","status":"publish","type":"post","link":"https:\/\/www.edicionesplatea.com\/blog\/los-problemas-de-salto-de-los-paracaidistas-norteamericanos-en-normandia-dia-d\/","title":{"rendered":"Los problemas de salto de los paracaidistas norteamericanos en Normand\u00eda &#8211; D\u00eda-D"},"content":{"rendered":"\n<p><span id=\"fbPhotoSnowliftCaption\" class=\"fbPhotosPhotoCaption\" tabindex=\"0\" data-ft=\"{&quot;tn&quot;:&quot;K&quot;}\"><span class=\"hasCaption\"><a class=\"_58cn\" href=\"https:\/\/www.facebook.com\/hashtag\/skymen\" data-ft=\"{&quot;tn&quot;:&quot;*N&quot;,&quot;type&quot;:104}\">#SKYMEN<\/a> <a class=\"_58cn\" href=\"https:\/\/www.facebook.com\/hashtag\/kershaw\" data-ft=\"{&quot;tn&quot;:&quot;*N&quot;,&quot;type&quot;:104}\">#Kershaw<\/a> El salto desde los aviones, que aceleraban algunas veces hasta los 240km\/h para evitar el fuego antia\u00e9reo, hac\u00eda que el rebufo arrancara las valijas. \u201cTodos los que saltaron con una valija de provisiones \u2013 la perdieron\u201d, declar\u00f3 Guarnere. \u201cLa mayor\u00eda de los paracaidistas que llegaron a tierra no ten\u00edan nada\u201d record\u00f3 exasperadamente. <\/span><\/span><\/p>\n\n\n<div class=\"wp-block-image\">\n<figure class=\"aligncenter\"><a href=\"http:\/\/www.edicionesplatea.com\/blog\/wp-content\/uploads\/2015\/03\/SKY-MEN-P-1.jpg\"><img loading=\"lazy\" decoding=\"async\" width=\"1772\" height=\"1298\" src=\"http:\/\/www.edicionesplatea.com\/blog\/wp-content\/uploads\/2015\/03\/SKY-MEN-P-1.jpg\" alt=\"SKY MEN P-1\" class=\"wp-image-205\" srcset=\"https:\/\/www.edicionesplatea.com\/blog\/wp-content\/uploads\/2015\/03\/SKY-MEN-P-1.jpg 1772w, https:\/\/www.edicionesplatea.com\/blog\/wp-content\/uploads\/2015\/03\/SKY-MEN-P-1-300x220.jpg 300w, https:\/\/www.edicionesplatea.com\/blog\/wp-content\/uploads\/2015\/03\/SKY-MEN-P-1-768x563.jpg 768w, https:\/\/www.edicionesplatea.com\/blog\/wp-content\/uploads\/2015\/03\/SKY-MEN-P-1-1024x750.jpg 1024w\" sizes=\"auto, (max-width: 1772px) 100vw, 1772px\" \/><\/a><\/figure>\n<\/div>\n\n\n<p><\/p>\n\n\n\n<p><span id=\"fbPhotoSnowliftCaption\" class=\"fbPhotosPhotoCaption\" tabindex=\"0\" data-ft=\"{&quot;tn&quot;:&quot;K&quot;}\"><span class=\"hasCaption\">La transici\u00f3n de las sacudidas de un vuelo a ba<span class=\"text_exposed_show\">ja cota a los virajes evasivos fue tan dram\u00e1tica como repentina. Jack Schlegel recordaba a los paracaidistas durmiendo mientras el 3rd Battalion PIR se aproximaba a su zona de lanzamiento, \u201ccuando un haz de balas trazadoras atraves\u00f3 el fuselaje del C-47 a lo largo, haciendo que los hombres sentados a cada lado encogieran sus pies\u201d. Todo el mundo estaba ahora alerta para experimentar el siguiente sobresalto, que fue un descomunal golpe en el motor de babor. Inmediatamente el teniente John Evans, el oficial al mando, grit\u00f3 \u201c\u00a1levantaos y enganchad!\u201d Un tercer impacto arranc\u00f3 parte del ala derecha inclinando instant\u00e1neamente el avi\u00f3n hacia la derecha. \u201c\u00a1Fuera!\u201d grit\u00f3 Evans encabezando el salto. \u201cRecuerdo que yo era el n\u00famero 24 y \u00faltimo para abandonar el avi\u00f3n\u201d, record\u00f3 Schlegel, y el Dakota estaba cayendo. \u201cMe mov\u00ed lo m\u00e1s r\u00e1pido que pude para salir y, tras saltar, vi el avi\u00f3n convertirse en una bola de fuego\u201d. Apenas en un minuto hab\u00edamos pasado del apacible sue\u00f1o a una cat\u00e1strofe total. Nunca se volvi\u00f3 a saber nada de Evans&#8230; <\/span><\/span><\/span><\/p>\n\n\n\n<p><strong><a href=\"https:\/\/edicionessalamina.com\/p\/sky-men-robert-kershaw\">QUIERO EL LIBRO<\/a><\/strong><\/p>\n","protected":false},"excerpt":{"rendered":"<p>#SKYMEN #Kershaw El salto desde los aviones, que aceleraban algunas veces hasta los 240km\/h para evitar el fuego antia\u00e9reo, hac\u00eda que el rebufo arrancara las valijas. \u201cTodos los que saltaron con una valija de provisiones \u2013 la perdieron\u201d, declar\u00f3 Guarnere. &hellip; <a href=\"https:\/\/www.edicionesplatea.com\/blog\/los-problemas-de-salto-de-los-paracaidistas-norteamericanos-en-normandia-dia-d\/\">Sigue leyendo <span class=\"meta-nav\">&rarr;<\/span><\/a><\/p>\n","protected":false},"author":1,"featured_media":0,"comment_status":"open","ping_status":"open","sticky":false,"template":"","format":"standard","meta":{"footnotes":""},"categories":[5],"tags":[7,6,8],"class_list":["post-52","post","type-post","status-publish","format-standard","hentry","category-sky-men","tag-normandia","tag-paracaidistas-norteamericanos","tag-saltos-de-combate"],"_links":{"self":[{"href":"https:\/\/www.edicionesplatea.com\/blog\/wp-json\/wp\/v2\/posts\/52","targetHints":{"allow":["GET"]}}],"collection":[{"href":"https:\/\/www.edicionesplatea.com\/blog\/wp-json\/wp\/v2\/posts"}],"about":[{"href":"https:\/\/www.edicionesplatea.com\/blog\/wp-json\/wp\/v2\/types\/post"}],"author":[{"embeddable":true,"href":"https:\/\/www.edicionesplatea.com\/blog\/wp-json\/wp\/v2\/users\/1"}],"replies":[{"embeddable":true,"href":"https:\/\/www.edicionesplatea.com\/blog\/wp-json\/wp\/v2\/comments?post=52"}],"version-history":[{"count":8,"href":"https:\/\/www.edicionesplatea.com\/blog\/wp-json\/wp\/v2\/posts\/52\/revisions"}],"predecessor-version":[{"id":2234,"href":"https:\/\/www.edicionesplatea.com\/blog\/wp-json\/wp\/v2\/posts\/52\/revisions\/2234"}],"wp:attachment":[{"href":"https:\/\/www.edicionesplatea.com\/blog\/wp-json\/wp\/v2\/media?parent=52"}],"wp:term":[{"taxonomy":"category","embeddable":true,"href":"https:\/\/www.edicionesplatea.com\/blog\/wp-json\/wp\/v2\/categories?post=52"},{"taxonomy":"post_tag","embeddable":true,"href":"https:\/\/www.edicionesplatea.com\/blog\/wp-json\/wp\/v2\/tags?post=52"}],"curies":[{"name":"wp","href":"https:\/\/api.w.org\/{rel}","templated":true}]}}