{"id":475,"date":"2018-02-14T16:52:24","date_gmt":"2018-02-14T16:52:24","guid":{"rendered":"http:\/\/www.edicionesplatea.com\/blog\/?p=475"},"modified":"2025-02-12T12:12:19","modified_gmt":"2025-02-12T12:12:19","slug":"memorias-del-sargento-bourgogne-los-estragos-del-frio","status":"publish","type":"post","link":"https:\/\/www.edicionesplatea.com\/blog\/memorias-del-sargento-bourgogne-los-estragos-del-frio\/","title":{"rendered":"Memorias del Sargento Bourgogne &#8211; Los estragos del fr\u00edo"},"content":{"rendered":"\n<p><em>Ese d\u00eda, 6 de noviembre, hab\u00eda una densa niebla y m\u00e1s de veintid\u00f3s grados bajo cero. Nuestros labios se hab\u00edan helado, nuestros sesos tambi\u00e9n; toda la atm\u00f3sfera era g\u00e9lida. Soplaba un viento terrible y la nieve ca\u00eda en enormes copos. No solo perdimos de vista el cielo, tambi\u00e9n a los hombres que caminaban delante de nosotros.<\/em><\/p>\n\n\n\n<figure class=\"wp-block-image\"><a href=\"http:\/\/www.edicionesplatea.com\/blog\/wp-content\/uploads\/2018\/02\/Memorias-Sargento-Bourgogne-Ediciones-Salamina.jpg\"><img loading=\"lazy\" decoding=\"async\" width=\"564\" height=\"399\" src=\"http:\/\/www.edicionesplatea.com\/blog\/wp-content\/uploads\/2018\/02\/Memorias-Sargento-Bourgogne-Ediciones-Salamina.jpg\" alt=\"\" class=\"wp-image-476\" srcset=\"https:\/\/www.edicionesplatea.com\/blog\/wp-content\/uploads\/2018\/02\/Memorias-Sargento-Bourgogne-Ediciones-Salamina.jpg 564w, https:\/\/www.edicionesplatea.com\/blog\/wp-content\/uploads\/2018\/02\/Memorias-Sargento-Bourgogne-Ediciones-Salamina-300x212.jpg 300w\" sizes=\"auto, (max-width: 564px) 100vw, 564px\" \/><\/a><\/figure>\n\n\n\n<p><\/p>\n\n\n\n<p>El gran Ej\u00e9rcito se va agotando y diezmando un poco m\u00e1s cada d\u00eda. El viento corta como una navaja de afeitar. El fr\u00edo hace que los miembros sean tan fr\u00e1giles como el alabastro. El hielo suelda los p\u00e1rpados y los dedos se quedan pegados al acero de las armas. Las articulaciones de los pies y de las manos se quiebran a la menor torsi\u00f3n. Para apropiarse m\u00e1s f\u00e1cilmente de la ropa de los muertos no hay que esperar a que los cuerpos se congelen. M\u00e1s de uno es despojado antes de exhalar su \u00faltimo aliento&#8230;.<\/p>\n\n\n\n<p><strong><a href=\"https:\/\/edicionessalamina.com\/p\/memorias-del-sargento-bourgogne\">QUIERO EL LIBRO<\/a><\/strong><\/p>\n","protected":false},"excerpt":{"rendered":"<p>Ese d\u00eda, 6 de noviembre, hab\u00eda una densa niebla y m\u00e1s de veintid\u00f3s grados bajo cero. Nuestros labios se hab\u00edan helado, nuestros sesos tambi\u00e9n; toda la atm\u00f3sfera era g\u00e9lida. Soplaba un viento terrible y la nieve ca\u00eda en enormes copos. &hellip; <a href=\"https:\/\/www.edicionesplatea.com\/blog\/memorias-del-sargento-bourgogne-los-estragos-del-frio\/\">Sigue leyendo <span class=\"meta-nav\">&rarr;<\/span><\/a><\/p>\n","protected":false},"author":2,"featured_media":0,"comment_status":"open","ping_status":"open","sticky":false,"template":"","format":"standard","meta":{"footnotes":""},"categories":[197],"tags":[198,200,19,199],"class_list":["post-475","post","type-post","status-publish","format-standard","hentry","category-memorias-del-sargento-bourgogne","tag-198","tag-frio","tag-rusia","tag-smolensko"],"_links":{"self":[{"href":"https:\/\/www.edicionesplatea.com\/blog\/wp-json\/wp\/v2\/posts\/475","targetHints":{"allow":["GET"]}}],"collection":[{"href":"https:\/\/www.edicionesplatea.com\/blog\/wp-json\/wp\/v2\/posts"}],"about":[{"href":"https:\/\/www.edicionesplatea.com\/blog\/wp-json\/wp\/v2\/types\/post"}],"author":[{"embeddable":true,"href":"https:\/\/www.edicionesplatea.com\/blog\/wp-json\/wp\/v2\/users\/2"}],"replies":[{"embeddable":true,"href":"https:\/\/www.edicionesplatea.com\/blog\/wp-json\/wp\/v2\/comments?post=475"}],"version-history":[{"count":2,"href":"https:\/\/www.edicionesplatea.com\/blog\/wp-json\/wp\/v2\/posts\/475\/revisions"}],"predecessor-version":[{"id":2371,"href":"https:\/\/www.edicionesplatea.com\/blog\/wp-json\/wp\/v2\/posts\/475\/revisions\/2371"}],"wp:attachment":[{"href":"https:\/\/www.edicionesplatea.com\/blog\/wp-json\/wp\/v2\/media?parent=475"}],"wp:term":[{"taxonomy":"category","embeddable":true,"href":"https:\/\/www.edicionesplatea.com\/blog\/wp-json\/wp\/v2\/categories?post=475"},{"taxonomy":"post_tag","embeddable":true,"href":"https:\/\/www.edicionesplatea.com\/blog\/wp-json\/wp\/v2\/tags?post=475"}],"curies":[{"name":"wp","href":"https:\/\/api.w.org\/{rel}","templated":true}]}}