{"id":438,"date":"2017-07-26T16:36:18","date_gmt":"2017-07-26T16:36:18","guid":{"rendered":"http:\/\/www.edicionesplatea.com\/blog\/?p=438"},"modified":"2025-02-06T20:53:59","modified_gmt":"2025-02-06T20:53:59","slug":"el-milagro-de-dunkerque-el-mito-de-la-blitzkrieg","status":"publish","type":"post","link":"https:\/\/www.edicionesplatea.com\/blog\/el-milagro-de-dunkerque-el-mito-de-la-blitzkrieg\/","title":{"rendered":"El milagro de Dunkerque &#8211; El mito de la Blitzkrieg"},"content":{"rendered":"\n<p>Ese es el t\u00eftulo del Cap\u00edtulo Octavo de nuestro libro El Mito de la Blitzkrieg de Karl Heinz Frieser, el monumental estudio de la Blitzkrieg y de la Campa\u00f1a de Francia de 1940.<\/p>\n\n\n\n<p class=\"has-text-align-center\"><em>A no ser que ocurra un milagro a nuestro favor, en los pr\u00f3ximos d\u00edas habremos perdido pr\u00e1cticamente todos nuestros soldados entrenados.<\/em><\/p>\n\n\n\n<p class=\"has-text-align-center\"><em>&nbsp;<\/em><em>General Sir Edmund Ironside, Jefe del Estado Mayor General Imperial brit\u00e1nico, 25 de Mayo de 1940<\/em><\/p>\n\n\n<div class=\"wp-block-image\">\n<figure class=\"aligncenter\"><a href=\"http:\/\/www.edicionesplatea.com\/blog\/wp-content\/uploads\/2017\/07\/El-Mito-de-la-Blitzkrieg-Karl-Heinz-Frieser-Ediciones-Salamina-Dunkerque.jpg\"><img loading=\"lazy\" decoding=\"async\" width=\"725\" height=\"960\" src=\"http:\/\/www.edicionesplatea.com\/blog\/wp-content\/uploads\/2017\/07\/El-Mito-de-la-Blitzkrieg-Karl-Heinz-Frieser-Ediciones-Salamina-Dunkerque.jpg\" alt=\"\" class=\"wp-image-610\" srcset=\"https:\/\/www.edicionesplatea.com\/blog\/wp-content\/uploads\/2017\/07\/El-Mito-de-la-Blitzkrieg-Karl-Heinz-Frieser-Ediciones-Salamina-Dunkerque.jpg 725w, https:\/\/www.edicionesplatea.com\/blog\/wp-content\/uploads\/2017\/07\/El-Mito-de-la-Blitzkrieg-Karl-Heinz-Frieser-Ediciones-Salamina-Dunkerque-227x300.jpg 227w\" sizes=\"auto, (max-width: 725px) 100vw, 725px\" \/><\/a><\/figure>\n<\/div>\n\n\n<p><\/p>\n\n\n\n<p><em>I.- ANTECEDENTES DE LA ORDEN DE ALTO (de los Panzer)<\/em><\/p>\n\n\n\n<p><em>El 24 de mayo, los alemanes hab\u00edan avanzado hasta llegar a quince kil\u00f3metros de Dunkerque, el \u00fanico puerto del Canal que a\u00fan estaba en manos de los aliados. Aquel d\u00eda, sus elementos de vanguardia ya hab\u00edan cruzado el Canal del Aa, que era el \u00faltimo obst\u00e1culo natural y no hab\u00eda tropas enemigas de entidad posicionadas entre los panzer alemanes y Dunkerque de modo que solo era cuesti\u00f3n de una pocas horas para que la \u00faltima salida quedara cerrada y alrededor de un mill\u00f3n de soldados brit\u00e1nicos, franceses y belgas quedaran atrapados en la trampa.<\/em><\/p>\n\n\n\n<p><em> Adem\u00e1s, en la mayor\u00eda de los casos, dichos soldados a\u00fan estaban a un centenar de kil\u00f3metros de Dunkerque, luchando contra las divisiones del Heeresgruppe B y no ten\u00edan posibilidad de reaccionar frente a la amenaza mortal que se cern\u00eda sobre su retaguardia. Entonces tuvo lugar uno de los acontecimientos militares m\u00e1s extra\u00f1os de la historia militar del siglo veinte: el \u00abmilagro de Dunkerque\u00bb. Sorprendidos e incr\u00e9dulos, los soldados aliados descubrieron que los panzer alemanes se deten\u00edan repentinamente, como por arte de magia.<\/em><\/p>\n\n\n\n<!--more-->\n\n\n\n<p><em>Contrariamente a la opini\u00f3n general, Hitler no fue el origen de la orden de alto pues el dictador no pudo detener a los panzer el 24 de mayo debido a que, en ese momento, ya hab\u00edan sido detenidos, pero lo que s\u00ed hizo fue intervenir en el momento \u00e1lgido de una crisis de mando dentro del generalato. La causa inmediata de la orden de alto estaba en la controversia que constituye la esencia de este episodio, es decir, el conflicto entre tradicionalistas y progresistas. El d\u00eda anterior, hab\u00eda habido considerables diferencias de opini\u00f3n entre los generales con respecto al que habr\u00eda de ser el empleo posterior de la fuerza panzer. Esta ruptura puede ilustrarse con la ayuda del siguiente modelo por capas.<\/em><\/p>\n\n\n\n<ul class=\"wp-block-list\">\n<li><em>Los generales panzer (a nivel divisionario y de cuerpo de ej\u00e9rcito) quer\u00edan atacar tan pronto como fuera posible.<\/em><\/li>\n\n\n\n<li><em>Los Comandantes en Jefe a nivel de ej\u00e9rcito y grupo de ej\u00e9rcitos (Kluge y Rundstedt) abogaban por detener los panzer un breve tiempo para permitir a las dem\u00e1s unidades que se acercaran.<\/em><\/li>\n\n\n\n<li><em>El Alto Mando del Ej\u00e9rcito estaba a favor de un avance r\u00e1pido.<\/em><\/li>\n\n\n\n<li><em>Hitler y con \u00e9l el Alto Mando de la Wehrmacht, se inclinaban a favor de frenar a las formaciones panzer.<\/em><\/li>\n<\/ul>\n\n\n\n<p><em>La causa de esta controversia fue nuevamente la psicosis del flanco. Von Rundstedt explic\u00f3 posteriormente a von Bock que:<\/em><\/p>\n\n\n\n<p><em>\u00ab\u00a1Me preocupaba que las d\u00e9biles fuerzas de Kleist fueran arrolladas por los ingleses en fuga!\u00bb.<\/em><\/p>\n\n\n\n<p><em>Y von Sodenstern, su Jefe de Estado Mayor, tambi\u00e9n pens\u00f3 que \u00abno era una buena cosa\u00bb el \u00abevaluar la situaci\u00f3n con demasiado optimismo\u00bb. El 25 de mayo, d\u00eda en que las divisiones aliadas rodeadas estaban retir\u00e1ndose en torrente hacia Dunkerque, el alto mando del Heeresgruppe A a\u00fan se estaba preocupando por la posibilidad de que los propios alemanes resultaran cercados:<\/em><\/p>\n\n\n\n<p><em>\u00abNo se puede descartar la posibilidad de que el enemigo este ejecutando sus movimientos de acuerdo a un plan uniforme, con la intenci\u00f3n de romper a trav\u00e9s de las l\u00edneas del 4. Armee y sus tropas m\u00f3viles subordinadas atacando desde el norte y desde el sur, para restaurar el contacto entre sus ej\u00e9rcitos separados\u00bb.<\/em><\/p>\n\n\n\n<p><em>Esta crisis result\u00f3, por decirlo de alg\u00fan modo, end\u00f3gena porque su origen no puede remontarse a una amenaza externa del enemigo sino al modo de pensar de algunos l\u00edderes militares de alto rango quienes, al enfrentarse a una victoria incomprensible, perdieron los nervios en el \u00faltimo momento cuando no hab\u00eda motivos para temer una contraofensiva seria desde el norte o desde el sur. <\/em><\/p>\n\n\n\n<p><em>Von Bock, cuyo Heeresgruppe B estaba empujando a las divisiones aliadas del norte, ya derrotadas y en proceso de disoluci\u00f3n, hizo una estimaci\u00f3n de la situaci\u00f3n considerablemente m\u00e1s realista; escribiendo en su diario, con respecto al miedo a los flancos del cuartel general del Heeresgruppe A, el siguiente comentario lleno de sarcasmo:<\/em><\/p>\n\n\n\n<p><em>\u00abNo tengo preocupaciones de este tipo en absoluto; si en alg\u00fan momento estuvieron justificadas, se han vuelto completamente nulas desde el momento en que el 18. y el 6. Armeen han agarrado al ingl\u00e9s por la garganta de tal modo que podr\u00e1 darse por satisfecho si consigue escapar con vida y nada m\u00e1s\u00bb.<\/em><\/p>\n\n\n\n<h3 class=\"wp-block-heading\"><strong><a href=\"https:\/\/edicionessalamina.com\/p\/el-mito-de-la-blitzkrieg-karl-heinz-frieser\">QUIERO EL LIBRO<\/a><\/strong><\/h3>\n","protected":false},"excerpt":{"rendered":"<p>Ese es el t\u00eftulo del Cap\u00edtulo Octavo de nuestro libro El Mito de la Blitzkrieg de Karl Heinz Frieser, el monumental estudio de la Blitzkrieg y de la Campa\u00f1a de Francia de 1940. A no ser que ocurra un milagro &hellip; <a href=\"https:\/\/www.edicionesplatea.com\/blog\/el-milagro-de-dunkerque-el-mito-de-la-blitzkrieg\/\">Sigue leyendo <span class=\"meta-nav\">&rarr;<\/span><\/a><\/p>\n","protected":false},"author":2,"featured_media":0,"comment_status":"open","ping_status":"open","sticky":false,"template":"","format":"standard","meta":{"footnotes":""},"categories":[34],"tags":[180,38],"class_list":["post-438","post","type-post","status-publish","format-standard","hentry","category-el-mito-de-la-blitzkrieg","tag-dunkerque","tag-francia-1940"],"_links":{"self":[{"href":"https:\/\/www.edicionesplatea.com\/blog\/wp-json\/wp\/v2\/posts\/438","targetHints":{"allow":["GET"]}}],"collection":[{"href":"https:\/\/www.edicionesplatea.com\/blog\/wp-json\/wp\/v2\/posts"}],"about":[{"href":"https:\/\/www.edicionesplatea.com\/blog\/wp-json\/wp\/v2\/types\/post"}],"author":[{"embeddable":true,"href":"https:\/\/www.edicionesplatea.com\/blog\/wp-json\/wp\/v2\/users\/2"}],"replies":[{"embeddable":true,"href":"https:\/\/www.edicionesplatea.com\/blog\/wp-json\/wp\/v2\/comments?post=438"}],"version-history":[{"count":5,"href":"https:\/\/www.edicionesplatea.com\/blog\/wp-json\/wp\/v2\/posts\/438\/revisions"}],"predecessor-version":[{"id":2203,"href":"https:\/\/www.edicionesplatea.com\/blog\/wp-json\/wp\/v2\/posts\/438\/revisions\/2203"}],"wp:attachment":[{"href":"https:\/\/www.edicionesplatea.com\/blog\/wp-json\/wp\/v2\/media?parent=438"}],"wp:term":[{"taxonomy":"category","embeddable":true,"href":"https:\/\/www.edicionesplatea.com\/blog\/wp-json\/wp\/v2\/categories?post=438"},{"taxonomy":"post_tag","embeddable":true,"href":"https:\/\/www.edicionesplatea.com\/blog\/wp-json\/wp\/v2\/tags?post=438"}],"curies":[{"name":"wp","href":"https:\/\/api.w.org\/{rel}","templated":true}]}}