{"id":429,"date":"2017-08-23T16:15:12","date_gmt":"2017-08-23T16:15:12","guid":{"rendered":"http:\/\/www.edicionesplatea.com\/blog\/?p=429"},"modified":"2025-02-11T13:35:23","modified_gmt":"2025-02-11T13:35:23","slug":"kiev-1941-la-batalla-de-hitler-por-la-supremacia-en-el-este","status":"publish","type":"post","link":"https:\/\/www.edicionesplatea.com\/blog\/kiev-1941-la-batalla-de-hitler-por-la-supremacia-en-el-este\/","title":{"rendered":"KIEV 1941 &#8211; LA BATALLA DE HITLER POR LA SUPREMAC\u00cdA EN EL ESTE."},"content":{"rendered":"\n<p>Por estos d\u00edas hace 76 a\u00f1os estaba un su punto \u00e1lgido el enfrentamiento entre Guderian y su superior, el mariscal von Bock respecto del reparto de fuerzas para iniciar la ofensiva de la pinza norte del cerco de Kiev. La punta de lanza del avance de Guderian hacia el sur iba a ser el XXIV Cuerpo Panzer de Schweppenburg, con el XXXXVII Cuerpo Panzer de Lemelsen en su flanco izquierdo y la infanter\u00eda del Segundo Ej\u00e9r<span class=\"text_exposed_show\">cito de Weichs en el derecho. <\/span><\/p>\n\n\n<div class=\"wp-block-image\">\n<figure class=\"aligncenter\"><a href=\"http:\/\/www.edicionesplatea.com\/blog\/wp-content\/uploads\/2017\/10\/Kiev-1941-David-Stahel-Ediciones-Salamina-Guderian-y-Model.jpg\"><img loading=\"lazy\" decoding=\"async\" width=\"480\" height=\"327\" src=\"http:\/\/www.edicionesplatea.com\/blog\/wp-content\/uploads\/2017\/10\/Kiev-1941-David-Stahel-Ediciones-Salamina-Guderian-y-Model.jpg\" alt=\"\" class=\"wp-image-430\" srcset=\"https:\/\/www.edicionesplatea.com\/blog\/wp-content\/uploads\/2017\/10\/Kiev-1941-David-Stahel-Ediciones-Salamina-Guderian-y-Model.jpg 480w, https:\/\/www.edicionesplatea.com\/blog\/wp-content\/uploads\/2017\/10\/Kiev-1941-David-Stahel-Ediciones-Salamina-Guderian-y-Model-300x204.jpg 300w\" sizes=\"auto, (max-width: 480px) 100vw, 480px\" \/><\/a><\/figure>\n<\/div>\n\n\n<p><span class=\"text_exposed_show\">Durante una breve visita a la Guarida del Lobo, Guderian afirm\u00f3 haber obtenido la promesa de Hitler de que mientras llevara a cabo su operaci\u00f3n en el sur, sus fuerzas no ser\u00edan divididas. Con anterioridad, Guderian hab\u00eda exhibido una aversi\u00f3n extrema a que alguna de sus unidades fuera detra\u00edda de su mando, y en las ocasiones en que esto sucedi\u00f3, bombarde\u00f3 a Bock y al Grupo de Ej\u00e9rcitos Centro con peticiones diarias, y a veces a cada hora, para que le fueran devueltas.<br>\nLa energ\u00eda de Guderian era en cierto modo el sello distintivo de su \u00e9xito, pero tambi\u00e9n lo cegaba en lo relativo al panorama general. Era esta falta de conciencia y de preocupaci\u00f3n lo que hac\u00eda que se comportara de una manera tan obstinada. Ahora surg\u00eda de nuevo el asunto de la divisi\u00f3n de su mando; solo que esta vez no se trataba de una simple divisi\u00f3n, sino de todo un cuerpo panzer el que se le detra\u00eda de su orden de batalla&#8230; <\/span><\/p>\n\n\n\n<p><strong><a href=\"https:\/\/edicionessalamina.com\/p\/kiev-1941-david-stahel\">QUIERO EL LIBRO<\/a><\/strong><\/p>\n","protected":false},"excerpt":{"rendered":"<p>Por estos d\u00edas hace 76 a\u00f1os estaba un su punto \u00e1lgido el enfrentamiento entre Guderian y su superior, el mariscal von Bock respecto del reparto de fuerzas para iniciar la ofensiva de la pinza norte del cerco de Kiev. La &hellip; <a href=\"https:\/\/www.edicionesplatea.com\/blog\/kiev-1941-la-batalla-de-hitler-por-la-supremacia-en-el-este\/\">Sigue leyendo <span class=\"meta-nav\">&rarr;<\/span><\/a><\/p>\n","protected":false},"author":2,"featured_media":0,"comment_status":"open","ping_status":"open","sticky":false,"template":"","format":"standard","meta":{"footnotes":""},"categories":[174],"tags":[150,176,175],"class_list":["post-429","post","type-post","status-publish","format-standard","hentry","category-kiev-1941","tag-barbarroja","tag-guderian","tag-kiev-1941"],"_links":{"self":[{"href":"https:\/\/www.edicionesplatea.com\/blog\/wp-json\/wp\/v2\/posts\/429","targetHints":{"allow":["GET"]}}],"collection":[{"href":"https:\/\/www.edicionesplatea.com\/blog\/wp-json\/wp\/v2\/posts"}],"about":[{"href":"https:\/\/www.edicionesplatea.com\/blog\/wp-json\/wp\/v2\/types\/post"}],"author":[{"embeddable":true,"href":"https:\/\/www.edicionesplatea.com\/blog\/wp-json\/wp\/v2\/users\/2"}],"replies":[{"embeddable":true,"href":"https:\/\/www.edicionesplatea.com\/blog\/wp-json\/wp\/v2\/comments?post=429"}],"version-history":[{"count":3,"href":"https:\/\/www.edicionesplatea.com\/blog\/wp-json\/wp\/v2\/posts\/429\/revisions"}],"predecessor-version":[{"id":2335,"href":"https:\/\/www.edicionesplatea.com\/blog\/wp-json\/wp\/v2\/posts\/429\/revisions\/2335"}],"wp:attachment":[{"href":"https:\/\/www.edicionesplatea.com\/blog\/wp-json\/wp\/v2\/media?parent=429"}],"wp:term":[{"taxonomy":"category","embeddable":true,"href":"https:\/\/www.edicionesplatea.com\/blog\/wp-json\/wp\/v2\/categories?post=429"},{"taxonomy":"post_tag","embeddable":true,"href":"https:\/\/www.edicionesplatea.com\/blog\/wp-json\/wp\/v2\/tags?post=429"}],"curies":[{"name":"wp","href":"https:\/\/api.w.org\/{rel}","templated":true}]}}