{"id":397,"date":"2016-10-25T13:49:34","date_gmt":"2016-10-25T13:49:34","guid":{"rendered":"http:\/\/www.edicionesplatea.com\/blog\/?p=397"},"modified":"2025-02-09T19:51:13","modified_gmt":"2025-02-09T19:51:13","slug":"la-batalla-de-coronel-primera-guerra-mundial-en-el-pacifico","status":"publish","type":"post","link":"https:\/\/www.edicionesplatea.com\/blog\/la-batalla-de-coronel-primera-guerra-mundial-en-el-pacifico\/","title":{"rendered":"La Batalla de Coronel &#8211; Primera Guerra Mundial en el Pac\u00edfico"},"content":{"rendered":"\n<p>La Batalla de Coronel represent\u00f3 el \u00fanico gran enfrentamiento naval entre Alemania y Gran Breta\u00f1a sobre el Frente de Asia-Pac\u00edfico en la Primera Guerra Mundial. El \u00e9pico duelo mar\u00edtimo que tuvo lugar frente a las costas de Chile el 1 de noviembre de 1914, se sald\u00f3 con una decisiva victoria alemana y una humillante derrota brit\u00e1nica, antes del ocaso definitivo del Imperio Alem\u00e1n en este teatro de operaciones.<\/p>\n\n\n<div class=\"wp-block-image\">\n<figure class=\"aligncenter\"><a href=\"http:\/\/www.edicionesplatea.com\/blog\/wp-content\/uploads\/2016\/10\/IGM-en-el-Pac\u00edfico-Ediciones-Paltea-P-1.jpg\"><img loading=\"lazy\" decoding=\"async\" width=\"1396\" height=\"984\" src=\"http:\/\/www.edicionesplatea.com\/blog\/wp-content\/uploads\/2016\/10\/IGM-en-el-Pac\u00edfico-Ediciones-Paltea-P-1.jpg\" alt=\"igm-en-el-pacifico-ediciones-paltea-p-1\" class=\"wp-image-396\" srcset=\"https:\/\/www.edicionesplatea.com\/blog\/wp-content\/uploads\/2016\/10\/IGM-en-el-Pac\u00edfico-Ediciones-Paltea-P-1.jpg 1396w, https:\/\/www.edicionesplatea.com\/blog\/wp-content\/uploads\/2016\/10\/IGM-en-el-Pac\u00edfico-Ediciones-Paltea-P-1-300x211.jpg 300w, https:\/\/www.edicionesplatea.com\/blog\/wp-content\/uploads\/2016\/10\/IGM-en-el-Pac\u00edfico-Ediciones-Paltea-P-1-768x541.jpg 768w, https:\/\/www.edicionesplatea.com\/blog\/wp-content\/uploads\/2016\/10\/IGM-en-el-Pac\u00edfico-Ediciones-Paltea-P-1-1024x722.jpg 1024w\" sizes=\"auto, (max-width: 1396px) 100vw, 1396px\" \/><\/a><\/figure>\n<\/div>\n\n\n<p><\/p>\n\n\n\n<p>Mucho antes de producirse la Batalla de Coronel las causas que se remontaron a \u00e9sta vinieron gest\u00e1ndose desde el inicio de la Gran Guerra en 1914, cuando los dominios del Imperio Alem\u00e1n en Asia y el Oc\u00e9ano Pac\u00edfico se vieron repentinamente acorralados por las muy superiores armadas de Gran Breta\u00f1a, Jap\u00f3n, Francia, Rusia y Australia.<\/p>\n\n\n\n<!--more-->\n\n\n\n<p>Aquella manifiesta inferioridad mar\u00edtima, sumada a la p\u00e9rdida de las colonias alemanas, oblig\u00f3 al Escuadr\u00f3n Naval del Asia Oriental (Ostasiengeschwader) al mando del vicealmirante Maximilian Von Spee, a navegar sin rumbo por el Pac\u00edfico causando todos los estragos posibles en el tr\u00e1fico mercante enemigo y en otro tipo de fuerzas militares, con la finalidad de bordear en un futuro el Cabo de Hornos y desde el Oc\u00e9ano Atl\u00e1ntico intentar alcanzar las costas de Alemania en una aut\u00e9ntica carrera suicida.<\/p>\n\n\n\n<p><strong><a href=\"https:\/\/edicionessalamina.com\/p\/la-primera-guerra-mundial-en-el-pacifico-ruben-villamor\">QUIERO EL LIBRO<\/a><\/strong><a href=\"http:\/\/tienda.edicionesplatea.com\/epages\/edicionesplatea.sf\/es_ES\/?ObjectPath=\/Shops\/edicionesplatea\/Products\/24\"><\/a><\/p>\n","protected":false},"excerpt":{"rendered":"<p>La Batalla de Coronel represent\u00f3 el \u00fanico gran enfrentamiento naval entre Alemania y Gran Breta\u00f1a sobre el Frente de Asia-Pac\u00edfico en la Primera Guerra Mundial. El \u00e9pico duelo mar\u00edtimo que tuvo lugar frente a las costas de Chile el 1 &hellip; <a href=\"https:\/\/www.edicionesplatea.com\/blog\/la-batalla-de-coronel-primera-guerra-mundial-en-el-pacifico\/\">Sigue leyendo <span class=\"meta-nav\">&rarr;<\/span><\/a><\/p>\n","protected":false},"author":2,"featured_media":0,"comment_status":"open","ping_status":"open","sticky":false,"template":"","format":"standard","meta":{"footnotes":""},"categories":[160],"tags":[162,161,63],"class_list":["post-397","post","type-post","status-publish","format-standard","hentry","category-i-gm-en-el-pacifico","tag-coleccion-historia-de-los-conflictos","tag-coronel","tag-igm"],"_links":{"self":[{"href":"https:\/\/www.edicionesplatea.com\/blog\/wp-json\/wp\/v2\/posts\/397","targetHints":{"allow":["GET"]}}],"collection":[{"href":"https:\/\/www.edicionesplatea.com\/blog\/wp-json\/wp\/v2\/posts"}],"about":[{"href":"https:\/\/www.edicionesplatea.com\/blog\/wp-json\/wp\/v2\/types\/post"}],"author":[{"embeddable":true,"href":"https:\/\/www.edicionesplatea.com\/blog\/wp-json\/wp\/v2\/users\/2"}],"replies":[{"embeddable":true,"href":"https:\/\/www.edicionesplatea.com\/blog\/wp-json\/wp\/v2\/comments?post=397"}],"version-history":[{"count":2,"href":"https:\/\/www.edicionesplatea.com\/blog\/wp-json\/wp\/v2\/posts\/397\/revisions"}],"predecessor-version":[{"id":2315,"href":"https:\/\/www.edicionesplatea.com\/blog\/wp-json\/wp\/v2\/posts\/397\/revisions\/2315"}],"wp:attachment":[{"href":"https:\/\/www.edicionesplatea.com\/blog\/wp-json\/wp\/v2\/media?parent=397"}],"wp:term":[{"taxonomy":"category","embeddable":true,"href":"https:\/\/www.edicionesplatea.com\/blog\/wp-json\/wp\/v2\/categories?post=397"},{"taxonomy":"post_tag","embeddable":true,"href":"https:\/\/www.edicionesplatea.com\/blog\/wp-json\/wp\/v2\/tags?post=397"}],"curies":[{"name":"wp","href":"https:\/\/api.w.org\/{rel}","templated":true}]}}