{"id":3081,"date":"2026-04-30T15:18:38","date_gmt":"2026-04-30T15:18:38","guid":{"rendered":"https:\/\/www.edicionesplatea.com\/blog\/?p=3081"},"modified":"2026-04-30T16:09:22","modified_gmt":"2026-04-30T16:09:22","slug":"ya-a-la-venta-la-guerra-germano-sovietica-david-stahel-ed","status":"publish","type":"post","link":"https:\/\/www.edicionesplatea.com\/blog\/ya-a-la-venta-la-guerra-germano-sovietica-david-stahel-ed\/","title":{"rendered":"Ya a la venta: LA GUERRA NAZI-SOVI\u00c9TICA. David Stahel (ed)"},"content":{"rendered":"\n<figure class=\"wp-block-image size-large\"><a href=\"https:\/\/www.edicionesplatea.com\/blog\/wp-content\/uploads\/2026\/04\/NOVEDAD-STAHEL-1.jpg\"><img loading=\"lazy\" decoding=\"async\" width=\"1024\" height=\"1024\" src=\"https:\/\/www.edicionesplatea.com\/blog\/wp-content\/uploads\/2026\/04\/NOVEDAD-STAHEL-1-1024x1024.jpg\" alt=\"\" class=\"wp-image-3085\" srcset=\"https:\/\/www.edicionesplatea.com\/blog\/wp-content\/uploads\/2026\/04\/NOVEDAD-STAHEL-1-1024x1024.jpg 1024w, https:\/\/www.edicionesplatea.com\/blog\/wp-content\/uploads\/2026\/04\/NOVEDAD-STAHEL-1-300x300.jpg 300w, https:\/\/www.edicionesplatea.com\/blog\/wp-content\/uploads\/2026\/04\/NOVEDAD-STAHEL-1-150x150.jpg 150w, https:\/\/www.edicionesplatea.com\/blog\/wp-content\/uploads\/2026\/04\/NOVEDAD-STAHEL-1-768x768.jpg 768w, https:\/\/www.edicionesplatea.com\/blog\/wp-content\/uploads\/2026\/04\/NOVEDAD-STAHEL-1.jpg 1500w\" sizes=\"auto, (max-width: 1024px) 100vw, 1024px\" \/><\/a><\/figure>\n\n\n\n<p>La guerra entre Alemania y la Uni\u00f3n Sovi\u00e9tica de 1941-1945 fue el teatro m\u00e1s grande y brutal de la Segunda Guerra Mundial, librado entre dos de los estados m\u00e1s despiadados que jam\u00e1s hayan existido. Con la reuni\u00f3n de 24 de los autores m\u00e1s destacados y prestigiosos en historia alemana y sovi\u00e9tica, de la talla de Roman T\u00f6ppel, Jeff Rutherford, Evan Madwdsley, Geoffrey Roberts o Alexander Statiev entre otros, este t\u00edtulo de la colecci\u00f3n Cambridge Companion ofrece la gu\u00eda m\u00e1s autorizada y, al mismo tiempo, accesible sobre el conflicto.<\/p>\n\n\n\n<p>Cada cap\u00edtulo examina un aspecto clave de la guerra, desde la planificaci\u00f3n militar, las fuerzas enfrentadas y las campa\u00f1as, hasta la ocupaci\u00f3n y perpetraci\u00f3n de cr\u00edmenes, las alianzas, los frentes dom\u00e9sticos y la memoria, as\u00ed como los legados de la posguerra y la creaci\u00f3n de mitos. Los autores demuestran que la guerra nazi-sovi\u00e9tica fue tanto una guerra convencional, en la que millones de soldados libraron batallas tit\u00e1nicas, como una guerra no convencional, en la que combatientes y fuerzas de seguridad cometieron innumerables cr\u00edmenes contra no combatientes.<\/p>\n\n\n\n<p>Fue una guerra industrial, de recursos, de movilizaci\u00f3n, de administraci\u00f3n y de apoyo popular, con implicaciones que a\u00fan hoy muestran su influencia en los debates sobre la seguridad europea.<\/p>\n\n\n\n<p><strong><a href=\"https:\/\/edicionessalamina.com\/p\/la-guerra-nazi-sovietica-david-stahel\">QUIERO EL LIBRO<\/a><\/strong><\/p>\n\n\n\n<p>Adem\u00e1s, si eres miembro del <strong>CLUB SALAMINA<\/strong>, te llevas de regalo nuestro vigesimoquinto Bolet\u00edn Salamina. Si aun no te has registrado puedes hacerlo durante el proceso de compra.<\/p>\n\n\n\n<p><strong>El corredor Persa: La ruta iran\u00ed de ayuda a la Uni\u00f3n Sovi\u00e9tica <\/strong>analiza el papel estrat\u00e9gico de este corredor durante la Segunda Guerra Mundial del programa de pr\u00e9stamo y arriendo, explicando la organizaci\u00f3n, expansi\u00f3n y operaci\u00f3n conjunta anglo-estadounidense de puertos, ferrocarriles y carreteras, as\u00ed como los desaf\u00edos t\u00e9cnicos y pol\u00edticos implicados de esta ruta que rodeaba la costa de \u00c1frica hasta el golfo P\u00e9rsico y de all\u00ed atravesaba Ir\u00e1n hasta la frontera sovi\u00e9tica. Un corredor crucial para sostener el esfuerzo b\u00e9lico en el frente oriental al garantizar un flujo constante de material b\u00e9lico y recursos en un contexto de guerra global. 44 P\u00e1ginas.<\/p>\n\n\n\n<figure class=\"wp-block-image size-full is-resized\"><a href=\"https:\/\/www.edicionesplatea.com\/blog\/wp-content\/uploads\/2026\/04\/imagen-1.png\"><img loading=\"lazy\" decoding=\"async\" width=\"630\" height=\"915\" src=\"https:\/\/www.edicionesplatea.com\/blog\/wp-content\/uploads\/2026\/04\/imagen-1.png\" alt=\"\" class=\"wp-image-3080\" style=\"width:300px;height:auto\" srcset=\"https:\/\/www.edicionesplatea.com\/blog\/wp-content\/uploads\/2026\/04\/imagen-1.png 630w, https:\/\/www.edicionesplatea.com\/blog\/wp-content\/uploads\/2026\/04\/imagen-1-207x300.png 207w\" sizes=\"auto, (max-width: 630px) 100vw, 630px\" \/><\/a><\/figure>\n","protected":false},"excerpt":{"rendered":"<p>La guerra entre Alemania y la Uni\u00f3n Sovi\u00e9tica de 1941-1945 fue el teatro m\u00e1s grande y brutal de la Segunda Guerra Mundial, librado entre dos de los estados m\u00e1s despiadados que jam\u00e1s hayan existido. Con la reuni\u00f3n de 24 de &hellip; <a href=\"https:\/\/www.edicionesplatea.com\/blog\/ya-a-la-venta-la-guerra-germano-sovietica-david-stahel-ed\/\">Sigue leyendo <span class=\"meta-nav\">&rarr;<\/span><\/a><\/p>\n","protected":false},"author":2,"featured_media":0,"comment_status":"open","ping_status":"open","sticky":false,"template":"","format":"standard","meta":{"footnotes":""},"categories":[1003],"tags":[235,233,11,148,289,827,370,390,195],"class_list":["post-3081","post","type-post","status-publish","format-standard","hentry","category-la-guerra-germano-sovietica","tag-235","tag-233","tag-11","tag-148","tag-289","tag-david-stahel","tag-frente-del-este","tag-frente-oriental","tag-segunda-guerra-mundial"],"_links":{"self":[{"href":"https:\/\/www.edicionesplatea.com\/blog\/wp-json\/wp\/v2\/posts\/3081","targetHints":{"allow":["GET"]}}],"collection":[{"href":"https:\/\/www.edicionesplatea.com\/blog\/wp-json\/wp\/v2\/posts"}],"about":[{"href":"https:\/\/www.edicionesplatea.com\/blog\/wp-json\/wp\/v2\/types\/post"}],"author":[{"embeddable":true,"href":"https:\/\/www.edicionesplatea.com\/blog\/wp-json\/wp\/v2\/users\/2"}],"replies":[{"embeddable":true,"href":"https:\/\/www.edicionesplatea.com\/blog\/wp-json\/wp\/v2\/comments?post=3081"}],"version-history":[{"count":3,"href":"https:\/\/www.edicionesplatea.com\/blog\/wp-json\/wp\/v2\/posts\/3081\/revisions"}],"predecessor-version":[{"id":3086,"href":"https:\/\/www.edicionesplatea.com\/blog\/wp-json\/wp\/v2\/posts\/3081\/revisions\/3086"}],"wp:attachment":[{"href":"https:\/\/www.edicionesplatea.com\/blog\/wp-json\/wp\/v2\/media?parent=3081"}],"wp:term":[{"taxonomy":"category","embeddable":true,"href":"https:\/\/www.edicionesplatea.com\/blog\/wp-json\/wp\/v2\/categories?post=3081"},{"taxonomy":"post_tag","embeddable":true,"href":"https:\/\/www.edicionesplatea.com\/blog\/wp-json\/wp\/v2\/tags?post=3081"}],"curies":[{"name":"wp","href":"https:\/\/api.w.org\/{rel}","templated":true}]}}