{"id":2998,"date":"2025-12-22T17:15:47","date_gmt":"2025-12-22T17:15:47","guid":{"rendered":"https:\/\/www.edicionesplatea.com\/blog\/?p=2998"},"modified":"2025-12-22T17:17:30","modified_gmt":"2025-12-22T17:17:30","slug":"el-terror-a-las-minas-fuego-en-la-jungla-acciones-de-pequenas-unidades-en-vietnam","status":"publish","type":"post","link":"https:\/\/www.edicionesplatea.com\/blog\/el-terror-a-las-minas-fuego-en-la-jungla-acciones-de-pequenas-unidades-en-vietnam\/","title":{"rendered":"El terror a las minas. FUEGO EN LA JUNGLA. Acciones de peque\u00f1as unidades en Vietnam"},"content":{"rendered":"\n<figure class=\"wp-block-image size-full\"><a href=\"https:\/\/www.edicionesplatea.com\/blog\/wp-content\/uploads\/2025\/12\/Fuego-en-la-jungla-Salamina-Minas-1.jpg\"><img loading=\"lazy\" decoding=\"async\" width=\"421\" height=\"640\" src=\"https:\/\/www.edicionesplatea.com\/blog\/wp-content\/uploads\/2025\/12\/Fuego-en-la-jungla-Salamina-Minas-1.jpg\" alt=\"\" class=\"wp-image-3002\" srcset=\"https:\/\/www.edicionesplatea.com\/blog\/wp-content\/uploads\/2025\/12\/Fuego-en-la-jungla-Salamina-Minas-1.jpg 421w, https:\/\/www.edicionesplatea.com\/blog\/wp-content\/uploads\/2025\/12\/Fuego-en-la-jungla-Salamina-Minas-1-197x300.jpg 197w\" sizes=\"auto, (max-width: 421px) 100vw, 421px\" \/><\/a><\/figure>\n\n\n\n<p>La tierra dura que rodeaba la valla hab\u00eda sido removida por las orugas de los dos Amtrac, formando terrones irregulares. Los marines de vanguardia, incluido el sargento Cunningham, cruzaron con cuidado la valla, pisando sobre las huellas, y volvieron a ponerse en fila detr\u00e1s del LVT que iba delante. El resto de la columna los sigui\u00f3. Cunningham se hab\u00eda alejado 50 metros de la valla cuando oy\u00f3 la explosi\u00f3n. Sab\u00eda lo que iba a ver incluso antes de girar la cabeza. Una espesa nube negra flotaba en el aire junto a la valla. Tres marines yac\u00edan tendidos en el suelo. Antes de que terminase de caer la lluvia de tierra y metralla, el sanitario jefe de la secci\u00f3n, Robert E. Perkins, hab\u00eda llegado junto al marine herido de mayor gravedad. El cabo Raymond Lewis, que mandaba el pelot\u00f3n de vanguardia, grit\u00f3: \u00ab\u00a1Eh!, \u00bfpor qu\u00e9 demonios no siguen las malditas huellas?\u00bb. El sargento Cunningham corri\u00f3 hacia atr\u00e1s, gritando con ira, frustraci\u00f3n y dolor: \u00abOs dije que me siguierais por aqu\u00ed, por aqu\u00ed&#8230; hemos pasado por aqu\u00ed\u00bb. Tras una pausa, dijo con voz resignada: \u00abVale. \u00bfQui\u00e9n lo ha entendido?\u00bb. Cansado y confiado porque hab\u00eda muchas huellas cerca de la valla y nueve marines hab\u00edan pasado sin contratiempos, el d\u00e9cimo se hab\u00eda desviado del camino marcado por las cadenas. Durante unos seis metros hab\u00eda estado siguiendo el rastro seco de huellas dejadas por un blindado otro d\u00eda. El Viet Cong hab\u00eda enterrado una mina en estos surcos antiguos, junto a la valla rota.<\/p>\n\n\n\n<p><strong><a href=\"https:\/\/edicionessalamina.com\/p\/fuego-en-la-jungla\">QUIERO EL LIBRO<\/a><\/strong><br>&nbsp;<\/p>\n","protected":false},"excerpt":{"rendered":"<p>La tierra dura que rodeaba la valla hab\u00eda sido removida por las orugas de los dos Amtrac, formando terrones irregulares. Los marines de vanguardia, incluido el sargento Cunningham, cruzaron con cuidado la valla, pisando sobre las huellas, y volvieron a &hellip; <a href=\"https:\/\/www.edicionesplatea.com\/blog\/el-terror-a-las-minas-fuego-en-la-jungla-acciones-de-pequenas-unidades-en-vietnam\/\">Sigue leyendo <span class=\"meta-nav\">&rarr;<\/span><\/a><\/p>\n","protected":false},"author":2,"featured_media":0,"comment_status":"open","ping_status":"open","sticky":false,"template":"","format":"standard","meta":{"footnotes":""},"categories":[971],"tags":[604,476,475,15],"class_list":["post-2998","post","type-post","status-publish","format-standard","hentry","category-fuego-en-la-jungla","tag-minas","tag-pequenas-unidades","tag-tactica","tag-vietnam"],"_links":{"self":[{"href":"https:\/\/www.edicionesplatea.com\/blog\/wp-json\/wp\/v2\/posts\/2998","targetHints":{"allow":["GET"]}}],"collection":[{"href":"https:\/\/www.edicionesplatea.com\/blog\/wp-json\/wp\/v2\/posts"}],"about":[{"href":"https:\/\/www.edicionesplatea.com\/blog\/wp-json\/wp\/v2\/types\/post"}],"author":[{"embeddable":true,"href":"https:\/\/www.edicionesplatea.com\/blog\/wp-json\/wp\/v2\/users\/2"}],"replies":[{"embeddable":true,"href":"https:\/\/www.edicionesplatea.com\/blog\/wp-json\/wp\/v2\/comments?post=2998"}],"version-history":[{"count":2,"href":"https:\/\/www.edicionesplatea.com\/blog\/wp-json\/wp\/v2\/posts\/2998\/revisions"}],"predecessor-version":[{"id":3003,"href":"https:\/\/www.edicionesplatea.com\/blog\/wp-json\/wp\/v2\/posts\/2998\/revisions\/3003"}],"wp:attachment":[{"href":"https:\/\/www.edicionesplatea.com\/blog\/wp-json\/wp\/v2\/media?parent=2998"}],"wp:term":[{"taxonomy":"category","embeddable":true,"href":"https:\/\/www.edicionesplatea.com\/blog\/wp-json\/wp\/v2\/categories?post=2998"},{"taxonomy":"post_tag","embeddable":true,"href":"https:\/\/www.edicionesplatea.com\/blog\/wp-json\/wp\/v2\/tags?post=2998"}],"curies":[{"name":"wp","href":"https:\/\/api.w.org\/{rel}","templated":true}]}}