{"id":2981,"date":"2025-11-13T17:42:34","date_gmt":"2025-11-13T17:42:34","guid":{"rendered":"https:\/\/www.edicionesplatea.com\/blog\/?p=2981"},"modified":"2025-11-13T17:42:34","modified_gmt":"2025-11-13T17:42:34","slug":"la-ofensiva-de-las-ardenas-de-1944-kampfgruppe-peiper-en-las-ardenas-1944-sergio-martinez","status":"publish","type":"post","link":"https:\/\/www.edicionesplatea.com\/blog\/la-ofensiva-de-las-ardenas-de-1944-kampfgruppe-peiper-en-las-ardenas-1944-sergio-martinez\/","title":{"rendered":"La ofensiva de las Ardenas de 1944. KAMPFGRUPPE PEIPER EN LAS ARDENAS, 1944. Sergio Mart\u00ednez"},"content":{"rendered":"\n<figure class=\"wp-block-image size-full\"><a href=\"https:\/\/www.edicionesplatea.com\/blog\/wp-content\/uploads\/2025\/11\/Kampfgruppe-Peiper-en-las-Ardenas-1944-Sergio-Marti\u0301nez-Salamina-Ardenas.jpg\"><img loading=\"lazy\" decoding=\"async\" width=\"1000\" height=\"791\" src=\"https:\/\/www.edicionesplatea.com\/blog\/wp-content\/uploads\/2025\/11\/Kampfgruppe-Peiper-en-las-Ardenas-1944-Sergio-Marti\u0301nez-Salamina-Ardenas.jpg\" alt=\"\" class=\"wp-image-2982\" srcset=\"https:\/\/www.edicionesplatea.com\/blog\/wp-content\/uploads\/2025\/11\/Kampfgruppe-Peiper-en-las-Ardenas-1944-Sergio-Marti\u0301nez-Salamina-Ardenas.jpg 1000w, https:\/\/www.edicionesplatea.com\/blog\/wp-content\/uploads\/2025\/11\/Kampfgruppe-Peiper-en-las-Ardenas-1944-Sergio-Marti\u0301nez-Salamina-Ardenas-300x237.jpg 300w, https:\/\/www.edicionesplatea.com\/blog\/wp-content\/uploads\/2025\/11\/Kampfgruppe-Peiper-en-las-Ardenas-1944-Sergio-Marti\u0301nez-Salamina-Ardenas-768x607.jpg 768w\" sizes=\"auto, (max-width: 1000px) 100vw, 1000px\" \/><\/a><\/figure>\n\n\n\n<p>El 16 de diciembre de 1944, Hitler jug\u00f3 su \u00faltima carta desesperada. Lanz\u00f3 una gran ofensiva en las Ardenas, el mismo escenario donde, cuatro a\u00f1os y medio antes, hab\u00eda logrado una de las mayores victorias militares de todos los tiempos. Esta vez, sin embargo, las circunstancias eran radicalmente distintas. La tropa alemana no ten\u00eda la misma calidad ni formaci\u00f3n, la Luftwaffe no controlaba los cielos, y los suministros de combustible, munici\u00f3n e incluso alimentos eran dram\u00e1ticamente escasos. El terreno helado y embarrado del invierno no era el mismo que el de la primavera de 1940. Los imponentes carros pesados Tiger II y Panther no se comportaban como los \u00e1giles Panzer II y III de anta\u00f1o. Adem\u00e1s, no hab\u00eda maniobras de distracci\u00f3n que pudiesen confundir a los Aliados. Todo se centraba en un \u00fanico golpe decisivo. Por su parte, su enemigo estaba bien preparado, motivado y listo para luchar hasta el final. De entre todas las unidades alemanas que participaron en la ofensiva, hubo una que acapar\u00f3 la atenci\u00f3n tanto de sus propios mandos como de sus enemigos: el Kampfgruppe Peiper.<\/p>\n\n\n\n<p>Perteneciente a la Divisi\u00f3n Leibstandarte, esta formaci\u00f3n ten\u00eda la misi\u00f3n de liderar el avance por el sector norte del Sexto Ej\u00e9rcito Panzer de las SS, abri\u00e9ndose paso hasta el r\u00edo Mosa. A trav\u00e9s del seguimiento de esta unidad, es posible entender todos los obst\u00e1culos a los que se enfrentaron los alemanes en las Ardenas, convirti\u00e9ndose en el mejor ejemplo para comprender por qu\u00e9 fracas\u00f3 la \u00faltima gran ofensiva en el Frente Occidental.<\/p>\n\n\n\n<p><strong><a href=\"https:\/\/edicionessalamina.com\/p\/kampfgruppe-peiper-en-las-ardenas-sergio-martinez\">QUIERO EL LIBRO<\/a><\/strong><\/p>\n","protected":false},"excerpt":{"rendered":"<p>El 16 de diciembre de 1944, Hitler jug\u00f3 su \u00faltima carta desesperada. Lanz\u00f3 una gran ofensiva en las Ardenas, el mismo escenario donde, cuatro a\u00f1os y medio antes, hab\u00eda logrado una de las mayores victorias militares de todos los tiempos. &hellip; <a href=\"https:\/\/www.edicionesplatea.com\/blog\/la-ofensiva-de-las-ardenas-de-1944-kampfgruppe-peiper-en-las-ardenas-1944-sergio-martinez\/\">Sigue leyendo <span class=\"meta-nav\">&rarr;<\/span><\/a><\/p>\n","protected":false},"author":2,"featured_media":0,"comment_status":"open","ping_status":"open","sticky":false,"template":"","format":"standard","meta":{"footnotes":""},"categories":[962],"tags":[148,194,964,963],"class_list":["post-2981","post","type-post","status-publish","format-standard","hentry","category-kampfgruppe-peiper-en-las-ardenas-1944","tag-148","tag-ardenas","tag-kampfgruppe","tag-peiper"],"_links":{"self":[{"href":"https:\/\/www.edicionesplatea.com\/blog\/wp-json\/wp\/v2\/posts\/2981","targetHints":{"allow":["GET"]}}],"collection":[{"href":"https:\/\/www.edicionesplatea.com\/blog\/wp-json\/wp\/v2\/posts"}],"about":[{"href":"https:\/\/www.edicionesplatea.com\/blog\/wp-json\/wp\/v2\/types\/post"}],"author":[{"embeddable":true,"href":"https:\/\/www.edicionesplatea.com\/blog\/wp-json\/wp\/v2\/users\/2"}],"replies":[{"embeddable":true,"href":"https:\/\/www.edicionesplatea.com\/blog\/wp-json\/wp\/v2\/comments?post=2981"}],"version-history":[{"count":1,"href":"https:\/\/www.edicionesplatea.com\/blog\/wp-json\/wp\/v2\/posts\/2981\/revisions"}],"predecessor-version":[{"id":2983,"href":"https:\/\/www.edicionesplatea.com\/blog\/wp-json\/wp\/v2\/posts\/2981\/revisions\/2983"}],"wp:attachment":[{"href":"https:\/\/www.edicionesplatea.com\/blog\/wp-json\/wp\/v2\/media?parent=2981"}],"wp:term":[{"taxonomy":"category","embeddable":true,"href":"https:\/\/www.edicionesplatea.com\/blog\/wp-json\/wp\/v2\/categories?post=2981"},{"taxonomy":"post_tag","embeddable":true,"href":"https:\/\/www.edicionesplatea.com\/blog\/wp-json\/wp\/v2\/tags?post=2981"}],"curies":[{"name":"wp","href":"https:\/\/api.w.org\/{rel}","templated":true}]}}