{"id":2866,"date":"2025-03-18T16:35:06","date_gmt":"2025-03-18T16:35:06","guid":{"rendered":"https:\/\/www.edicionesplatea.com\/blog\/?p=2866"},"modified":"2025-03-24T17:45:36","modified_gmt":"2025-03-24T17:45:36","slug":"la-transicion-del-yom-kipur-al-libano-guerra-de-armas-combinadas-en-la-historia-militar-de-israel","status":"publish","type":"post","link":"https:\/\/www.edicionesplatea.com\/blog\/la-transicion-del-yom-kipur-al-libano-guerra-de-armas-combinadas-en-la-historia-militar-de-israel\/","title":{"rendered":"La transici\u00f3n del Yom Kipur al L\u00edbano. GUERRA DE ARMAS COMBINADAS EN LA HISTORIA MILITAR DE ISRAEL"},"content":{"rendered":"\n<figure class=\"wp-block-image size-full is-resized\"><a href=\"https:\/\/www.edicionesplatea.com\/blog\/wp-content\/uploads\/2025\/03\/Guerra-de-armas-combinadas-en-la-historia-militar-de-Israel-David-Rodman-Salamina-Libano.jpg\"><img loading=\"lazy\" decoding=\"async\" width=\"700\" height=\"394\" src=\"https:\/\/www.edicionesplatea.com\/blog\/wp-content\/uploads\/2025\/03\/Guerra-de-armas-combinadas-en-la-historia-militar-de-Israel-David-Rodman-Salamina-Libano.jpg\" alt=\"\" class=\"wp-image-2867\" style=\"width:618px;height:auto\" srcset=\"https:\/\/www.edicionesplatea.com\/blog\/wp-content\/uploads\/2025\/03\/Guerra-de-armas-combinadas-en-la-historia-militar-de-Israel-David-Rodman-Salamina-Libano.jpg 700w, https:\/\/www.edicionesplatea.com\/blog\/wp-content\/uploads\/2025\/03\/Guerra-de-armas-combinadas-en-la-historia-militar-de-Israel-David-Rodman-Salamina-Libano-300x169.jpg 300w\" sizes=\"auto, (max-width: 700px) 100vw, 700px\" \/><\/a><\/figure>\n\n\n\n<p>Pese al triunfo de las fuerzas armadas israel\u00edes, la Guerra del Yom Kippur fue una experiencia traum\u00e1tica para el estado de Israel. La calamitosa situaci\u00f3n tanto en el Sina\u00ed como en el Gol\u00e1n durante los primeros d\u00edas de combates, unida a la onerosa factura en hombres y material que se cobraron las hostilidades, sacudi\u00f3 al pa\u00eds hasta lo m\u00e1s profundo.<\/p>\n\n\n\n<p>En consecuencia, los estudios forenses de los combates se centraron generalmente en c\u00f3mo se desempe\u00f1aron las IDF al comienzo de las hostilidades, en lugar de cu\u00e1l fue su actuaci\u00f3n posteriormente en la guerra.<\/p>\n\n\n\n<p>La c\u00fapula de la defensa israel\u00ed no s\u00f3lo puso todos sus esfuerzos en modificar la estructura de la fuerza de las IDF, sino que realiz\u00f3 cambios igualmente importantes en su doctrina de combate durante el periodo comprendido entre la Guerra de Yom Kippur y la Guerra del L\u00edbano. Por un lado, a pesar de las importantes p\u00e9rdidas en blindados y aviones sufridas por las fuerzas armadas israel\u00edes en 1973, el alto mando mantuvo su compromiso con una doctrina de combate basada en la guerra de maniobra ofensiva a nivel t\u00e1ctico y operacional, en la que el carro de combate y el cazabombardero ocupaban los papeles principales. Sencillamente, los estrategas israel\u00edes se negaban a considerar la idea de que los carros y los cazabombarderos se hubiesen vuelto inefectivos por la aparici\u00f3n de armas contracarro y de defensa antia\u00e9rea avanzadas en el campo de batalla.<\/p>\n\n\n\n<p><strong><a href=\"https:\/\/edicionessalamina.com\/p\/guerra-de-armas-combinadas-en-la-historia-militar-de-israel\">QUIERO EL LIBRO<\/a><\/strong><\/p>\n\n\n\n<!--more-->\n\n\n\n<p>Aprovecha nuestro <strong><a href=\"https:\/\/edicionessalamina.com\/p\/pack-oriente-proximo\">PACK Oriente Pr\u00f3ximo<\/a><\/strong> y ll\u00e9vate: nuestro libro \u00abGuerra de Armas Combinadas en la Historia Militar de Israel\u00bb + Cuaderno de Salamina N\u00ba3 \u2013 \u00abNo est\u00e1bamos preparados\u00bb + Bolet\u00edn de Salamina \u00abLa llave del Sina\u00ed. la batalla de Abu Ageila, 1956\u00bb.<\/p>\n\n\n\n<figure class=\"wp-block-image\"><a href=\"https:\/\/www.edicionesplatea.com\/blog\/wp-content\/uploads\/2025\/03\/Pack.jpg\"><img loading=\"lazy\" decoding=\"async\" width=\"544\" height=\"398\" src=\"https:\/\/www.edicionesplatea.com\/blog\/wp-content\/uploads\/2025\/03\/Pack.jpg\" alt=\"\" class=\"wp-image-2673\" srcset=\"https:\/\/www.edicionesplatea.com\/blog\/wp-content\/uploads\/2025\/03\/Pack.jpg 544w, https:\/\/www.edicionesplatea.com\/blog\/wp-content\/uploads\/2025\/03\/Pack-300x219.jpg 300w\" sizes=\"auto, (max-width: 544px) 100vw, 544px\" \/><\/a><\/figure>\n","protected":false},"excerpt":{"rendered":"<p>Pese al triunfo de las fuerzas armadas israel\u00edes, la Guerra del Yom Kippur fue una experiencia traum\u00e1tica para el estado de Israel. La calamitosa situaci\u00f3n tanto en el Sina\u00ed como en el Gol\u00e1n durante los primeros d\u00edas de combates, unida &hellip; <a href=\"https:\/\/www.edicionesplatea.com\/blog\/la-transicion-del-yom-kipur-al-libano-guerra-de-armas-combinadas-en-la-historia-militar-de-israel\/\">Sigue leyendo <span class=\"meta-nav\">&rarr;<\/span><\/a><\/p>\n","protected":false},"author":2,"featured_media":0,"comment_status":"open","ping_status":"open","sticky":false,"template":"","format":"standard","meta":{"footnotes":""},"categories":[923],"tags":[925,694,781,924],"class_list":["post-2866","post","type-post","status-publish","format-standard","hentry","category-guerra-de-armas-combinadas-en-la-historia-militar-de-israel","tag-doctrina-de-armas-combinadas","tag-guerra-del-libano","tag-idf","tag-yom-kipur"],"_links":{"self":[{"href":"https:\/\/www.edicionesplatea.com\/blog\/wp-json\/wp\/v2\/posts\/2866","targetHints":{"allow":["GET"]}}],"collection":[{"href":"https:\/\/www.edicionesplatea.com\/blog\/wp-json\/wp\/v2\/posts"}],"about":[{"href":"https:\/\/www.edicionesplatea.com\/blog\/wp-json\/wp\/v2\/types\/post"}],"author":[{"embeddable":true,"href":"https:\/\/www.edicionesplatea.com\/blog\/wp-json\/wp\/v2\/users\/2"}],"replies":[{"embeddable":true,"href":"https:\/\/www.edicionesplatea.com\/blog\/wp-json\/wp\/v2\/comments?post=2866"}],"version-history":[{"count":3,"href":"https:\/\/www.edicionesplatea.com\/blog\/wp-json\/wp\/v2\/posts\/2866\/revisions"}],"predecessor-version":[{"id":2873,"href":"https:\/\/www.edicionesplatea.com\/blog\/wp-json\/wp\/v2\/posts\/2866\/revisions\/2873"}],"wp:attachment":[{"href":"https:\/\/www.edicionesplatea.com\/blog\/wp-json\/wp\/v2\/media?parent=2866"}],"wp:term":[{"taxonomy":"category","embeddable":true,"href":"https:\/\/www.edicionesplatea.com\/blog\/wp-json\/wp\/v2\/categories?post=2866"},{"taxonomy":"post_tag","embeddable":true,"href":"https:\/\/www.edicionesplatea.com\/blog\/wp-json\/wp\/v2\/tags?post=2866"}],"curies":[{"name":"wp","href":"https:\/\/api.w.org\/{rel}","templated":true}]}}