{"id":2515,"date":"2025-02-24T17:31:56","date_gmt":"2025-02-24T17:31:56","guid":{"rendered":"https:\/\/www.edicionesplatea.com\/blog\/?p=2515"},"modified":"2025-02-24T17:31:56","modified_gmt":"2025-02-24T17:31:56","slug":"la-huida-de-la-brigada-lincoln-de-belchite-al-ebro","status":"publish","type":"post","link":"https:\/\/www.edicionesplatea.com\/blog\/la-huida-de-la-brigada-lincoln-de-belchite-al-ebro\/","title":{"rendered":"La huida de la Brigada Lincoln. DE BELCHITE AL EBRO"},"content":{"rendered":"\n<figure class=\"wp-block-image size-full is-resized\"><a href=\"https:\/\/www.edicionesplatea.com\/blog\/wp-content\/uploads\/2025\/02\/De-Belchite-al-Ebro-Tormo-et-al-Salamina-Gandesa.jpg\"><img loading=\"lazy\" decoding=\"async\" width=\"940\" height=\"942\" src=\"https:\/\/www.edicionesplatea.com\/blog\/wp-content\/uploads\/2025\/02\/De-Belchite-al-Ebro-Tormo-et-al-Salamina-Gandesa.jpg\" alt=\"\" class=\"wp-image-2516\" style=\"width:586px;height:auto\" srcset=\"https:\/\/www.edicionesplatea.com\/blog\/wp-content\/uploads\/2025\/02\/De-Belchite-al-Ebro-Tormo-et-al-Salamina-Gandesa.jpg 940w, https:\/\/www.edicionesplatea.com\/blog\/wp-content\/uploads\/2025\/02\/De-Belchite-al-Ebro-Tormo-et-al-Salamina-Gandesa-300x300.jpg 300w, https:\/\/www.edicionesplatea.com\/blog\/wp-content\/uploads\/2025\/02\/De-Belchite-al-Ebro-Tormo-et-al-Salamina-Gandesa-150x150.jpg 150w, https:\/\/www.edicionesplatea.com\/blog\/wp-content\/uploads\/2025\/02\/De-Belchite-al-Ebro-Tormo-et-al-Salamina-Gandesa-768x770.jpg 768w\" sizes=\"auto, (max-width: 940px) 100vw, 940px\" \/><\/a><\/figure>\n\n\n\n<p>Retirada de la Brigada Lincoln. Bessie consigui\u00f3 escapar campo a trav\u00e9s, escalando los m\u00e1rgenes de piedra que escalonan los bancales que cubren las vertientes de los valles y barrancos de la zona; o cayendo por ellos varios metros, cuando la oscuridad imped\u00eda descubrirlos a tiempo. En su fuga, tropezaron con algunos vecinos de la zona que, posiblemente, hab\u00edan abandonado sus casas en los pueblos para buscar refugio en las casitas de laboreo del campo, los llamados \u00abmasos\u00bb. <\/p>\n\n\n\n<p>Estos les indicaron el camino para llegar hasta M\u00f3ra d\u2019Ebre. Sin agua ni comida, incapaces de saber d\u00f3nde se encontraban, ni tampoco d\u00f3nde estaba un enemigo que les daba caza, optaron por continuar su camino. Bessie asegura que a lo largo de la ma\u00f1ana vieron, a lo lejos, a varios grupos o columnas de hombres que, como ellos, intentaban alcanzar la retaguardia republicana. Su periplo acab\u00f3 aquel 2 de abril, al llegar a M\u00f3ra d\u2019Ebre, que describi\u00f3 diciendo: \u00abEn las afueras de la peque\u00f1a ciudad sobre el Ebro pululaban los hombres desmoralizados y andrajosos, que vagaban perezosamente en el colmo de la confusi\u00f3n\u00bb, asegurando que en aquella plaza no hab\u00eda ning\u00fan mando o autoridad ante la que presentarse o que organizase a los que all\u00ed se iban concentrando.<\/p>\n\n\n\n<p><strong><a href=\"https:\/\/edicionessalamina.com\/p\/de-belchite-al-ebro\">QUIERO EL LIBRO<\/a><\/strong><\/p>\n","protected":false},"excerpt":{"rendered":"<p>Retirada de la Brigada Lincoln. Bessie consigui\u00f3 escapar campo a trav\u00e9s, escalando los m\u00e1rgenes de piedra que escalonan los bancales que cubren las vertientes de los valles y barrancos de la zona; o cayendo por ellos varios metros, cuando la &hellip; <a href=\"https:\/\/www.edicionesplatea.com\/blog\/la-huida-de-la-brigada-lincoln-de-belchite-al-ebro\/\">Sigue leyendo <span class=\"meta-nav\">&rarr;<\/span><\/a><\/p>\n","protected":false},"author":2,"featured_media":0,"comment_status":"open","ping_status":"open","sticky":false,"template":"","format":"standard","meta":{"footnotes":""},"categories":[886],"tags":[915,887,478],"class_list":["post-2515","post","type-post","status-publish","format-standard","hentry","category-de-belchite-al-ebro","tag-brigada-lincoln","tag-brigadas-internacionales","tag-guerra-civil"],"_links":{"self":[{"href":"https:\/\/www.edicionesplatea.com\/blog\/wp-json\/wp\/v2\/posts\/2515","targetHints":{"allow":["GET"]}}],"collection":[{"href":"https:\/\/www.edicionesplatea.com\/blog\/wp-json\/wp\/v2\/posts"}],"about":[{"href":"https:\/\/www.edicionesplatea.com\/blog\/wp-json\/wp\/v2\/types\/post"}],"author":[{"embeddable":true,"href":"https:\/\/www.edicionesplatea.com\/blog\/wp-json\/wp\/v2\/users\/2"}],"replies":[{"embeddable":true,"href":"https:\/\/www.edicionesplatea.com\/blog\/wp-json\/wp\/v2\/comments?post=2515"}],"version-history":[{"count":1,"href":"https:\/\/www.edicionesplatea.com\/blog\/wp-json\/wp\/v2\/posts\/2515\/revisions"}],"predecessor-version":[{"id":2517,"href":"https:\/\/www.edicionesplatea.com\/blog\/wp-json\/wp\/v2\/posts\/2515\/revisions\/2517"}],"wp:attachment":[{"href":"https:\/\/www.edicionesplatea.com\/blog\/wp-json\/wp\/v2\/media?parent=2515"}],"wp:term":[{"taxonomy":"category","embeddable":true,"href":"https:\/\/www.edicionesplatea.com\/blog\/wp-json\/wp\/v2\/categories?post=2515"},{"taxonomy":"post_tag","embeddable":true,"href":"https:\/\/www.edicionesplatea.com\/blog\/wp-json\/wp\/v2\/tags?post=2515"}],"curies":[{"name":"wp","href":"https:\/\/api.w.org\/{rel}","templated":true}]}}