{"id":2130,"date":"2025-01-03T17:14:49","date_gmt":"2025-01-03T17:14:49","guid":{"rendered":"https:\/\/www.edicionesplatea.com\/blog\/?p=2130"},"modified":"2025-03-04T22:02:04","modified_gmt":"2025-03-04T22:02:04","slug":"la-retirada-hasta-caspe-de-belchite-al-ebro","status":"publish","type":"post","link":"https:\/\/www.edicionesplatea.com\/blog\/la-retirada-hasta-caspe-de-belchite-al-ebro\/","title":{"rendered":"La retirada hasta Caspe. DE BELCHITE AL EBRO."},"content":{"rendered":"\n<figure class=\"wp-block-image size-full is-resized\"><a href=\"https:\/\/www.edicionesplatea.com\/blog\/wp-content\/uploads\/2025\/01\/De-Belchite-al-Ebro-D.-Benavent-et-al-Salamina-Caspe.jpg\"><img loading=\"lazy\" decoding=\"async\" width=\"905\" height=\"575\" src=\"https:\/\/www.edicionesplatea.com\/blog\/wp-content\/uploads\/2025\/01\/De-Belchite-al-Ebro-D.-Benavent-et-al-Salamina-Caspe.jpg\" alt=\"\" class=\"wp-image-2131\" style=\"width:600px;height:auto\" srcset=\"https:\/\/www.edicionesplatea.com\/blog\/wp-content\/uploads\/2025\/01\/De-Belchite-al-Ebro-D.-Benavent-et-al-Salamina-Caspe.jpg 905w, https:\/\/www.edicionesplatea.com\/blog\/wp-content\/uploads\/2025\/01\/De-Belchite-al-Ebro-D.-Benavent-et-al-Salamina-Caspe-300x191.jpg 300w, https:\/\/www.edicionesplatea.com\/blog\/wp-content\/uploads\/2025\/01\/De-Belchite-al-Ebro-D.-Benavent-et-al-Salamina-Caspe-768x488.jpg 768w\" sizes=\"auto, (max-width: 905px) 100vw, 905px\" \/><\/a><\/figure>\n\n\n\n<p>El 14 de marzo fue otra jornada de retirada ca\u00f3tica para los internacionales, en la que la desorganizaci\u00f3n de las unidades y la desinformaci\u00f3n sobre la situaci\u00f3n general fueron las notas predominantes. Como ya hemos constatado, aquella situaci\u00f3n no era consecuencia de una deficiente organizaci\u00f3n de las Brigadas Internacionales, aunque esta fuese un hecho probado, sino de la inexistencia de un \u00f3rgano de mando capaz de recabar informaci\u00f3n sobre lo que estaba sucediendo, analizarla correctamente y transmitir las \u00f3rdenes necesarias para hacer frente a la situaci\u00f3n que se estaba produciendo. <\/p>\n\n\n\n<p>En definitiva, el mando del Ej\u00e9rcito del Este, como denunciaba el Comisario General, no ejerc\u00eda sus funciones, como tampoco la hab\u00eda hecho el del XII CE y tampoco, al parecer, lo hac\u00eda el del XVIII CE. Sin cadena de mando, cualquier medida encaminada a resolver la situaci\u00f3n que pudiera ordenar el general Rojo, era poco m\u00e1s que una declaraci\u00f3n de intenciones. Mientras, sobre el terreno, con el enemigo pis\u00e1ndoles los talones, miles de hombres intentaban gestionar la situaci\u00f3n sin recursos, informaci\u00f3n y orientaci\u00f3n de sus superiores. Sin nada de eso, se impon\u00eda la necesidad de salvar la vida por encima de cualquier otra cosa.<\/p>\n\n\n\n<p><strong><a href=\"https:\/\/edicionessalamina.com\/p\/de-belchite-al-ebro\">QUIERO EL LIBRO<\/a><\/strong><\/p>\n","protected":false},"excerpt":{"rendered":"<p>El 14 de marzo fue otra jornada de retirada ca\u00f3tica para los internacionales, en la que la desorganizaci\u00f3n de las unidades y la desinformaci\u00f3n sobre la situaci\u00f3n general fueron las notas predominantes. Como ya hemos constatado, aquella situaci\u00f3n no era &hellip; <a href=\"https:\/\/www.edicionesplatea.com\/blog\/la-retirada-hasta-caspe-de-belchite-al-ebro\/\">Sigue leyendo <span class=\"meta-nav\">&rarr;<\/span><\/a><\/p>\n","protected":false},"author":2,"featured_media":0,"comment_status":"open","ping_status":"open","sticky":false,"template":"","format":"standard","meta":{"footnotes":""},"categories":[886],"tags":[891,889,887,890,888,478,892],"class_list":["post-2130","post","type-post","status-publish","format-standard","hentry","category-de-belchite-al-ebro","tag-891","tag-belchite","tag-brigadas-internacionales","tag-caspe","tag-ebro","tag-guerra-civil","tag-vicente-rojo"],"_links":{"self":[{"href":"https:\/\/www.edicionesplatea.com\/blog\/wp-json\/wp\/v2\/posts\/2130","targetHints":{"allow":["GET"]}}],"collection":[{"href":"https:\/\/www.edicionesplatea.com\/blog\/wp-json\/wp\/v2\/posts"}],"about":[{"href":"https:\/\/www.edicionesplatea.com\/blog\/wp-json\/wp\/v2\/types\/post"}],"author":[{"embeddable":true,"href":"https:\/\/www.edicionesplatea.com\/blog\/wp-json\/wp\/v2\/users\/2"}],"replies":[{"embeddable":true,"href":"https:\/\/www.edicionesplatea.com\/blog\/wp-json\/wp\/v2\/comments?post=2130"}],"version-history":[{"count":2,"href":"https:\/\/www.edicionesplatea.com\/blog\/wp-json\/wp\/v2\/posts\/2130\/revisions"}],"predecessor-version":[{"id":2807,"href":"https:\/\/www.edicionesplatea.com\/blog\/wp-json\/wp\/v2\/posts\/2130\/revisions\/2807"}],"wp:attachment":[{"href":"https:\/\/www.edicionesplatea.com\/blog\/wp-json\/wp\/v2\/media?parent=2130"}],"wp:term":[{"taxonomy":"category","embeddable":true,"href":"https:\/\/www.edicionesplatea.com\/blog\/wp-json\/wp\/v2\/categories?post=2130"},{"taxonomy":"post_tag","embeddable":true,"href":"https:\/\/www.edicionesplatea.com\/blog\/wp-json\/wp\/v2\/tags?post=2130"}],"curies":[{"name":"wp","href":"https:\/\/api.w.org\/{rel}","templated":true}]}}