{"id":2119,"date":"2024-12-04T17:15:36","date_gmt":"2024-12-04T17:15:36","guid":{"rendered":"https:\/\/www.edicionesplatea.com\/blog\/?p=2119"},"modified":"2025-03-04T21:53:05","modified_gmt":"2025-03-04T21:53:05","slug":"el-panther-panzers-en-normandia-eric-lefevre","status":"publish","type":"post","link":"https:\/\/www.edicionesplatea.com\/blog\/el-panther-panzers-en-normandia-eric-lefevre\/","title":{"rendered":"El Panther. PANZERS EN NORMAND\u00cdA. Eric Lef\u00e8vre"},"content":{"rendered":"\n<figure class=\"wp-block-image size-large is-resized\"><a href=\"https:\/\/www.edicionesplatea.com\/blog\/wp-content\/uploads\/2024\/12\/Panzers-en-Normandia-Eric-Lefevre-Salamina-Panther.jpg\"><img loading=\"lazy\" decoding=\"async\" width=\"1024\" height=\"805\" src=\"https:\/\/www.edicionesplatea.com\/blog\/wp-content\/uploads\/2024\/12\/Panzers-en-Normandia-Eric-Lefevre-Salamina-Panther-1024x805.jpg\" alt=\"\" class=\"wp-image-2120\" style=\"width:558px;height:auto\" srcset=\"https:\/\/www.edicionesplatea.com\/blog\/wp-content\/uploads\/2024\/12\/Panzers-en-Normandia-Eric-Lefevre-Salamina-Panther-1024x805.jpg 1024w, https:\/\/www.edicionesplatea.com\/blog\/wp-content\/uploads\/2024\/12\/Panzers-en-Normandia-Eric-Lefevre-Salamina-Panther-300x236.jpg 300w, https:\/\/www.edicionesplatea.com\/blog\/wp-content\/uploads\/2024\/12\/Panzers-en-Normandia-Eric-Lefevre-Salamina-Panther-768x604.jpg 768w, https:\/\/www.edicionesplatea.com\/blog\/wp-content\/uploads\/2024\/12\/Panzers-en-Normandia-Eric-Lefevre-Salamina-Panther-1536x1208.jpg 1536w, https:\/\/www.edicionesplatea.com\/blog\/wp-content\/uploads\/2024\/12\/Panzers-en-Normandia-Eric-Lefevre-Salamina-Panther.jpg 2048w\" sizes=\"auto, (max-width: 1024px) 100vw, 1024px\" \/><\/a><\/figure>\n\n\n\n<p>El Panther fue, sin duda, el mejor carro de combate polivalente que tuvieron los alemanes durante los dos \u00faltimos a\u00f1os de la guerra \u2013un equilibrio muy afortunado entre las cualidades contradictorias exigidas a un carro de combate: potencia de fuego, un grueso blindaje en los lugares adecuados, una velocidad relativamente alta, una autonom\u00eda operativa aceptable y fiabilidad mec\u00e1nica \u2013a pesar de sufrir m\u00faltiples problemas en sus inicios. El 1.<sup>er<\/sup> Batall\u00f3n de cada regimiento panzer deb\u00eda estar equipado con el Panther, pero no siempre fue as\u00ed. Eso implic\u00f3 que el Panther fue desplegado en s\u00f3lo siete de los diez regimientos panzer presentes en Normand\u00eda y, aun as\u00ed, rara vez con la fuerza te\u00f3rica de 17 por compa\u00f1\u00eda, o de 22 en junio para el 2.\u00ba Regimiento Panzer de las SS.<\/p>\n\n\n\n<p>Podr\u00eda atribuirse un origen com\u00fan al Panther y al Tiger en la medida en que proyectos de investigaci\u00f3n para un carro de combate pesado emprendidos en 1937 por Henschel, Porsche, Daimler-Benz y MAN deber\u00edan haber dado lugar al Panther y no al Tiger. Sin embargo, el concepto del Panther naci\u00f3 en el verano de 1941, cuando los alemanes se enfrentaron a un reci\u00e9n llegado a las estepas de Rusia \u2013el T-34. A instancias de Guderian, se envi\u00f3 una comisi\u00f3n al Frente Oriental a finales del a\u00f1o para examinar el nuevo carro de combate sovi\u00e9tico; tras lo cual, Daimler-Benz y MAN quedaron encargadas cada una del dise\u00f1o de un equivalente. Las especificaciones eran un carro de combate de 30 toneladas con un ca\u00f1\u00f3n de 75 mm, una velocidad m\u00e1xima de 60 km\/h y un blindaje frontal de 60 a 100 mm de espesor.<\/p>\n\n\n\n<p><strong><a href=\"https:\/\/edicionessalamina.com\/p\/panzers-en-normandia-eric-lefevre\">QUIERO EL LIBRO<\/a><\/strong><\/p>\n\n\n\n<p>Ll\u00e9vate de regalo una r\u00e9plica gigante a todo color (42x59cm) de un mapa del Army Map Service de la zona de Caen-Bayeux por una cara y de Aunay-Sur-Odon y Villers-Bocage por la otra para que puedas seguir las operaciones.<\/p>\n\n\n\n<figure class=\"wp-block-image size-full is-resized\"><a href=\"https:\/\/www.edicionesplatea.com\/blog\/wp-content\/uploads\/2024\/10\/imagen.png\"><img loading=\"lazy\" decoding=\"async\" width=\"720\" height=\"524\" src=\"https:\/\/www.edicionesplatea.com\/blog\/wp-content\/uploads\/2024\/10\/imagen.png\" alt=\"\" class=\"wp-image-2791\" style=\"width:374px;height:auto\" srcset=\"https:\/\/www.edicionesplatea.com\/blog\/wp-content\/uploads\/2024\/10\/imagen.png 720w, https:\/\/www.edicionesplatea.com\/blog\/wp-content\/uploads\/2024\/10\/imagen-300x218.png 300w\" sizes=\"auto, (max-width: 720px) 100vw, 720px\" \/><\/a><\/figure>\n","protected":false},"excerpt":{"rendered":"<p>El Panther fue, sin duda, el mejor carro de combate polivalente que tuvieron los alemanes durante los dos \u00faltimos a\u00f1os de la guerra \u2013un equilibrio muy afortunado entre las cualidades contradictorias exigidas a un carro de combate: potencia de fuego, &hellip; <a href=\"https:\/\/www.edicionesplatea.com\/blog\/el-panther-panzers-en-normandia-eric-lefevre\/\">Sigue leyendo <span class=\"meta-nav\">&rarr;<\/span><\/a><\/p>\n","protected":false},"author":2,"featured_media":0,"comment_status":"open","ping_status":"open","sticky":false,"template":"","format":"standard","meta":{"footnotes":""},"categories":[876],"tags":[148,7,883,84],"class_list":["post-2119","post","type-post","status-publish","format-standard","hentry","category-panzers-en-normandia","tag-148","tag-normandia","tag-panther","tag-panzer"],"_links":{"self":[{"href":"https:\/\/www.edicionesplatea.com\/blog\/wp-json\/wp\/v2\/posts\/2119","targetHints":{"allow":["GET"]}}],"collection":[{"href":"https:\/\/www.edicionesplatea.com\/blog\/wp-json\/wp\/v2\/posts"}],"about":[{"href":"https:\/\/www.edicionesplatea.com\/blog\/wp-json\/wp\/v2\/types\/post"}],"author":[{"embeddable":true,"href":"https:\/\/www.edicionesplatea.com\/blog\/wp-json\/wp\/v2\/users\/2"}],"replies":[{"embeddable":true,"href":"https:\/\/www.edicionesplatea.com\/blog\/wp-json\/wp\/v2\/comments?post=2119"}],"version-history":[{"count":2,"href":"https:\/\/www.edicionesplatea.com\/blog\/wp-json\/wp\/v2\/posts\/2119\/revisions"}],"predecessor-version":[{"id":2795,"href":"https:\/\/www.edicionesplatea.com\/blog\/wp-json\/wp\/v2\/posts\/2119\/revisions\/2795"}],"wp:attachment":[{"href":"https:\/\/www.edicionesplatea.com\/blog\/wp-json\/wp\/v2\/media?parent=2119"}],"wp:term":[{"taxonomy":"category","embeddable":true,"href":"https:\/\/www.edicionesplatea.com\/blog\/wp-json\/wp\/v2\/categories?post=2119"},{"taxonomy":"post_tag","embeddable":true,"href":"https:\/\/www.edicionesplatea.com\/blog\/wp-json\/wp\/v2\/tags?post=2119"}],"curies":[{"name":"wp","href":"https:\/\/api.w.org\/{rel}","templated":true}]}}