{"id":2006,"date":"2024-03-19T16:31:10","date_gmt":"2024-03-19T16:31:10","guid":{"rendered":"https:\/\/www.edicionesplatea.com\/blog\/?p=2006"},"modified":"2025-02-26T09:18:23","modified_gmt":"2025-02-26T09:18:23","slug":"el-repliegue-a-pie-la-retirada-de-moscu-david-stahel","status":"publish","type":"post","link":"https:\/\/www.edicionesplatea.com\/blog\/el-repliegue-a-pie-la-retirada-de-moscu-david-stahel\/","title":{"rendered":"El repliegue a pie. LA RETIRADA DE MOSC\u00da. David Stahel"},"content":{"rendered":"\n<figure class=\"wp-block-image size-full\"><a href=\"https:\/\/www.edicionesplatea.com\/blog\/wp-content\/uploads\/2024\/03\/La-retirada-de-Moscu-David-Stahel-Salamina-retirada-a-pie.jpg\"><img loading=\"lazy\" decoding=\"async\" width=\"652\" height=\"406\" src=\"https:\/\/www.edicionesplatea.com\/blog\/wp-content\/uploads\/2024\/03\/La-retirada-de-Moscu-David-Stahel-Salamina-retirada-a-pie.jpg\" alt=\"\" class=\"wp-image-2007\" srcset=\"https:\/\/www.edicionesplatea.com\/blog\/wp-content\/uploads\/2024\/03\/La-retirada-de-Moscu-David-Stahel-Salamina-retirada-a-pie.jpg 652w, https:\/\/www.edicionesplatea.com\/blog\/wp-content\/uploads\/2024\/03\/La-retirada-de-Moscu-David-Stahel-Salamina-retirada-a-pie-300x187.jpg 300w\" sizes=\"auto, (max-width: 652px) 100vw, 652px\" \/><\/a><\/figure>\n\n\n\n<p>El colapso del frente de Schmidt oblig\u00f3 a la retirada general de toda su l\u00ednea, que fue puesta en marcha inmediatamente. Willy Peter Reese, de la 95.\u00aa Divisi\u00f3n de Infanter\u00eda, escribi\u00f3 en su diario sobre las agotadoras exigencias f\u00edsicas causadas por tener que efectuar el repliegue completamente a pie:<\/p>\n\n\n\n<p>\u00abLa luz de la luna iluminaba a la silenciosa columna de fugitivos que marchaba lentamente, abri\u00e9ndose camino por la nieve hacia el oeste entre tambaleos, resbalamientos y tropezones. Delante de nosotros se hallaba la incertidumbre, quiz\u00e1 la tierra de nadie, quiz\u00e1 el enemigo; detr\u00e1s de nosotros, la certeza, los rusos perseguidores. Est\u00e1bamos exhaustos despu\u00e9s de la tercera noche sin dormir\u2026 Continuamos como aut\u00f3matas. El sue\u00f1o se apoderaba de nosotros incluso en plena marcha. Se nos cerraban los ojos, las piernas segu\u00edan funcionando mec\u00e1nicamente; luego ced\u00edan nuestras rodillas, nos desplom\u00e1bamos, nos despert\u00e1bamos del dolor por la ca\u00edda, nos alz\u00e1bamos hasta ponernos de rodillas, alguien nos ayudaba a levantarnos y con las \u00faltimas fuerzas que nos quedaban por el temor a la muerte, segu\u00edamos caminando. Nos dijeron que cualquier descanso significaba la muerte. \u00a1Vienen los rusos! El grito funcion\u00f3 como el chasquido de un l\u00e1tigo: \u00a1adelante!\u00bb.<\/p>\n\n\n\n<p><strong><a href=\"https:\/\/edicionessalamina.com\/p\/la-retirada-de-moscu-david-stahel\">QUIERO EL LIBRO<\/a><\/strong><\/p>\n\n\n\n<p>LL\u00c9VATE DE REGALO una r\u00e9plica en alta calidad y a color de un MAPA de situaci\u00f3n del <em>OSTHEER<\/em> del Grupo de Ej\u00e9rcitos Centro del 10 de enero de 1942 por una cara y del 10 de febrero por la otra. Tama\u00f1o A2 (60\u00d742 cm). Solo en nuestra tienda online.<\/p>\n\n\n\n<p>Adem\u00e1s, si est\u00e1s suscrito y eres miembro del Club Salamina, te llevas de REGALO tambi\u00e9n el quinto n\u00famero de nuestra colecci\u00f3n exclusiva Bolet\u00edn Salamina, La guerra en la regi\u00f3n \u00e1rtica del Frente del Este.<\/p>\n\n\n\n<figure class=\"wp-block-image is-resized\"><a href=\"https:\/\/www.edicionesplatea.com\/blog\/wp-content\/uploads\/2021\/04\/La-retirada-de-Moscu-mapa-boletin.jpg\"><img loading=\"lazy\" decoding=\"async\" width=\"1024\" height=\"801\" src=\"https:\/\/www.edicionesplatea.com\/blog\/wp-content\/uploads\/2021\/04\/La-retirada-de-Moscu-mapa-boletin-1024x801.jpg\" alt=\"\" class=\"wp-image-2591\" style=\"width:461px;height:auto\" srcset=\"https:\/\/www.edicionesplatea.com\/blog\/wp-content\/uploads\/2021\/04\/La-retirada-de-Moscu-mapa-boletin-1024x801.jpg 1024w, https:\/\/www.edicionesplatea.com\/blog\/wp-content\/uploads\/2021\/04\/La-retirada-de-Moscu-mapa-boletin-300x235.jpg 300w, https:\/\/www.edicionesplatea.com\/blog\/wp-content\/uploads\/2021\/04\/La-retirada-de-Moscu-mapa-boletin-768x601.jpg 768w, https:\/\/www.edicionesplatea.com\/blog\/wp-content\/uploads\/2021\/04\/La-retirada-de-Moscu-mapa-boletin.jpg 1046w\" sizes=\"auto, (max-width: 1024px) 100vw, 1024px\" \/><\/a><\/figure>\n","protected":false},"excerpt":{"rendered":"<p>El colapso del frente de Schmidt oblig\u00f3 a la retirada general de toda su l\u00ednea, que fue puesta en marcha inmediatamente. Willy Peter Reese, de la 95.\u00aa Divisi\u00f3n de Infanter\u00eda, escribi\u00f3 en su diario sobre las agotadoras exigencias f\u00edsicas causadas &hellip; <a href=\"https:\/\/www.edicionesplatea.com\/blog\/el-repliegue-a-pie-la-retirada-de-moscu-david-stahel\/\">Sigue leyendo <span class=\"meta-nav\">&rarr;<\/span><\/a><\/p>\n","protected":false},"author":2,"featured_media":0,"comment_status":"open","ping_status":"open","sticky":false,"template":"","format":"standard","meta":{"footnotes":""},"categories":[569],"tags":[235,150,827,390,142],"class_list":["post-2006","post","type-post","status-publish","format-standard","hentry","category-la-retirada-de-moscu","tag-235","tag-barbarroja","tag-david-stahel","tag-frente-oriental","tag-moscu"],"_links":{"self":[{"href":"https:\/\/www.edicionesplatea.com\/blog\/wp-json\/wp\/v2\/posts\/2006","targetHints":{"allow":["GET"]}}],"collection":[{"href":"https:\/\/www.edicionesplatea.com\/blog\/wp-json\/wp\/v2\/posts"}],"about":[{"href":"https:\/\/www.edicionesplatea.com\/blog\/wp-json\/wp\/v2\/types\/post"}],"author":[{"embeddable":true,"href":"https:\/\/www.edicionesplatea.com\/blog\/wp-json\/wp\/v2\/users\/2"}],"replies":[{"embeddable":true,"href":"https:\/\/www.edicionesplatea.com\/blog\/wp-json\/wp\/v2\/comments?post=2006"}],"version-history":[{"count":3,"href":"https:\/\/www.edicionesplatea.com\/blog\/wp-json\/wp\/v2\/posts\/2006\/revisions"}],"predecessor-version":[{"id":2596,"href":"https:\/\/www.edicionesplatea.com\/blog\/wp-json\/wp\/v2\/posts\/2006\/revisions\/2596"}],"wp:attachment":[{"href":"https:\/\/www.edicionesplatea.com\/blog\/wp-json\/wp\/v2\/media?parent=2006"}],"wp:term":[{"taxonomy":"category","embeddable":true,"href":"https:\/\/www.edicionesplatea.com\/blog\/wp-json\/wp\/v2\/categories?post=2006"},{"taxonomy":"post_tag","embeddable":true,"href":"https:\/\/www.edicionesplatea.com\/blog\/wp-json\/wp\/v2\/tags?post=2006"}],"curies":[{"name":"wp","href":"https:\/\/api.w.org\/{rel}","templated":true}]}}