{"id":1983,"date":"2024-02-14T16:53:00","date_gmt":"2024-02-14T16:53:00","guid":{"rendered":"https:\/\/www.edicionesplatea.com\/blog\/?p=1983"},"modified":"2025-02-09T19:02:40","modified_gmt":"2025-02-09T19:02:40","slug":"francisco-verdugo-frustra-un-motin-antes-de-la-batalla-de-noordhorn-la-guerra-de-frisia","status":"publish","type":"post","link":"https:\/\/www.edicionesplatea.com\/blog\/francisco-verdugo-frustra-un-motin-antes-de-la-batalla-de-noordhorn-la-guerra-de-frisia\/","title":{"rendered":"Francisco Verdugo frustra un mot\u00edn antes de la batalla de Noordhorn. LA GUERRA DE FRISIA"},"content":{"rendered":"\n<figure class=\"wp-block-image size-large is-resized\"><a href=\"https:\/\/www.edicionesplatea.com\/blog\/wp-content\/uploads\/2024\/02\/La-guerra-de-Frisia-Hugo-A-Canete-Salamina-Motin.jpg\"><img loading=\"lazy\" decoding=\"async\" width=\"707\" height=\"1024\" src=\"https:\/\/www.edicionesplatea.com\/blog\/wp-content\/uploads\/2024\/02\/La-guerra-de-Frisia-Hugo-A-Canete-Salamina-Motin-707x1024.jpg\" alt=\"\" class=\"wp-image-1984\" style=\"width:437px;height:auto\" srcset=\"https:\/\/www.edicionesplatea.com\/blog\/wp-content\/uploads\/2024\/02\/La-guerra-de-Frisia-Hugo-A-Canete-Salamina-Motin-707x1024.jpg 707w, https:\/\/www.edicionesplatea.com\/blog\/wp-content\/uploads\/2024\/02\/La-guerra-de-Frisia-Hugo-A-Canete-Salamina-Motin-207x300.jpg 207w, https:\/\/www.edicionesplatea.com\/blog\/wp-content\/uploads\/2024\/02\/La-guerra-de-Frisia-Hugo-A-Canete-Salamina-Motin-768x1113.jpg 768w, https:\/\/www.edicionesplatea.com\/blog\/wp-content\/uploads\/2024\/02\/La-guerra-de-Frisia-Hugo-A-Canete-Salamina-Motin-1060x1536.jpg 1060w, https:\/\/www.edicionesplatea.com\/blog\/wp-content\/uploads\/2024\/02\/La-guerra-de-Frisia-Hugo-A-Canete-Salamina-Motin.jpg 1325w\" sizes=\"auto, (max-width: 707px) 100vw, 707px\" \/><\/a><\/figure>\n\n\n\n<p>Les dije que yo oir\u00eda el parecer de los capitanes y cabezas del ej\u00e9rcito, por ser los que hab\u00edan de aventurar sus vidas y honras conmigo. Marcharon mal contentos con mi respuesta, porque vieron que no iba a hacer lo que ellos me aconsejaban sino lo que estimase conveniente en el consejo con las cabezas y capitanes del ej\u00e9rcito. Yo hab\u00eda advertido que el enemigo ten\u00eda ganas de pelear porque dos d\u00edas antes hab\u00eda dado una encamisada a mi regimiento, aunque de poco fruto. Y viniendo despu\u00e9s a m\u00ed el consejero Westendorp, no s\u00e9 si enviado por el magistrado o de motu proprio, me pidi\u00f3 con insistencia que ya que no quer\u00eda entrar en Frisia al menos saliese de la abad\u00eda y me adelantase a Noordhorn, a una legua en direcci\u00f3n al enemigo. Yo lo consult\u00e9 con los capitanes y con el teniente coronel Taxis, el cual respondi\u00f3 que lo har\u00eda, pero que hab\u00eda dos capitanes de los suyos, cuyos nombres me dijo, que le eran rebeldes y de mala voluntad. Yo le dije que les di\u00e9semos de pu\u00f1aladas, y como Taxis les fue a decir esto, no volvieron a hablar m\u00e1s del asunto.<\/p>\n\n\n\n<p><strong><a href=\"https:\/\/edicionessalamina.com\/p\/la-guerra-de-frisia-hugo-a-canete\">QUIERO EL LIBRO<\/a><\/strong><\/p>\n","protected":false},"excerpt":{"rendered":"<p>Les dije que yo oir\u00eda el parecer de los capitanes y cabezas del ej\u00e9rcito, por ser los que hab\u00edan de aventurar sus vidas y honras conmigo. Marcharon mal contentos con mi respuesta, porque vieron que no iba a hacer lo &hellip; <a href=\"https:\/\/www.edicionesplatea.com\/blog\/francisco-verdugo-frustra-un-motin-antes-de-la-batalla-de-noordhorn-la-guerra-de-frisia\/\">Sigue leyendo <span class=\"meta-nav\">&rarr;<\/span><\/a><\/p>\n","protected":false},"author":2,"featured_media":0,"comment_status":"open","ping_status":"open","sticky":false,"template":"","format":"standard","meta":{"footnotes":""},"categories":[45],"tags":[540,820,821],"class_list":["post-1983","post","type-post","status-publish","format-standard","hentry","category-la-guerra-de-frisia","tag-flandes","tag-francisco-verdugo","tag-motines"],"_links":{"self":[{"href":"https:\/\/www.edicionesplatea.com\/blog\/wp-json\/wp\/v2\/posts\/1983","targetHints":{"allow":["GET"]}}],"collection":[{"href":"https:\/\/www.edicionesplatea.com\/blog\/wp-json\/wp\/v2\/posts"}],"about":[{"href":"https:\/\/www.edicionesplatea.com\/blog\/wp-json\/wp\/v2\/types\/post"}],"author":[{"embeddable":true,"href":"https:\/\/www.edicionesplatea.com\/blog\/wp-json\/wp\/v2\/users\/2"}],"replies":[{"embeddable":true,"href":"https:\/\/www.edicionesplatea.com\/blog\/wp-json\/wp\/v2\/comments?post=1983"}],"version-history":[{"count":2,"href":"https:\/\/www.edicionesplatea.com\/blog\/wp-json\/wp\/v2\/posts\/1983\/revisions"}],"predecessor-version":[{"id":2262,"href":"https:\/\/www.edicionesplatea.com\/blog\/wp-json\/wp\/v2\/posts\/1983\/revisions\/2262"}],"wp:attachment":[{"href":"https:\/\/www.edicionesplatea.com\/blog\/wp-json\/wp\/v2\/media?parent=1983"}],"wp:term":[{"taxonomy":"category","embeddable":true,"href":"https:\/\/www.edicionesplatea.com\/blog\/wp-json\/wp\/v2\/categories?post=1983"},{"taxonomy":"post_tag","embeddable":true,"href":"https:\/\/www.edicionesplatea.com\/blog\/wp-json\/wp\/v2\/tags?post=1983"}],"curies":[{"name":"wp","href":"https:\/\/api.w.org\/{rel}","templated":true}]}}