{"id":1974,"date":"2024-02-09T17:04:33","date_gmt":"2024-02-09T17:04:33","guid":{"rendered":"https:\/\/www.edicionesplatea.com\/blog\/?p=1974"},"modified":"2025-02-06T20:30:05","modified_gmt":"2025-02-06T20:30:05","slug":"caballeria-polaca-contra-los-panzer-tank-men","status":"publish","type":"post","link":"https:\/\/www.edicionesplatea.com\/blog\/caballeria-polaca-contra-los-panzer-tank-men\/","title":{"rendered":"Caballer\u00eda polaca contra los panzer. TANK MEN"},"content":{"rendered":"\n<figure class=\"wp-block-image size-full\"><a href=\"https:\/\/www.edicionesplatea.com\/blog\/wp-content\/uploads\/2024\/02\/Tank-Men-robert-Kershaw-Salamina-Polonia.jpg\"><img loading=\"lazy\" decoding=\"async\" width=\"800\" height=\"419\" src=\"https:\/\/www.edicionesplatea.com\/blog\/wp-content\/uploads\/2024\/02\/Tank-Men-robert-Kershaw-Salamina-Polonia.jpg\" alt=\"\" class=\"wp-image-1975\" srcset=\"https:\/\/www.edicionesplatea.com\/blog\/wp-content\/uploads\/2024\/02\/Tank-Men-robert-Kershaw-Salamina-Polonia.jpg 800w, https:\/\/www.edicionesplatea.com\/blog\/wp-content\/uploads\/2024\/02\/Tank-Men-robert-Kershaw-Salamina-Polonia-300x157.jpg 300w, https:\/\/www.edicionesplatea.com\/blog\/wp-content\/uploads\/2024\/02\/Tank-Men-robert-Kershaw-Salamina-Polonia-768x402.jpg 768w\" sizes=\"auto, (max-width: 800px) 100vw, 800px\" \/><\/a><\/figure>\n\n\n\n<p>Era inevitable que, en alg\u00fan momento de esta guerra, la nueva forma mecanizada de combatir se enfrentase a la vieja. El alf\u00e9rez M. Kamil Dzewanski, jefe de secci\u00f3n de la Brigada de caballer\u00eda Polaca Suwalki, recuerda c\u00f3mo su unidad tuvo que improvisar para hacer frente a los panzer alemanes. Emplearon t\u00e1cticas de \u00abperseguir, emboscar y enga\u00f1ar\u00bb. Describi\u00f3 c\u00f3mo \u00abnos arrastr\u00e1bamos bajo los tanques para destruir las cadenas con granadas de mano, o aproximarnos y arrojar lo que los finlandeses llamar\u00edan m\u00e1s tarde \u00abc\u00f3cteles Molotov\u00bb. <\/p>\n\n\n\n<p>La brigada contaba con cierto n\u00famero de peque\u00f1os ca\u00f1ones anticarro, con frecuencia hipom\u00f3viles, con los cuales la brigada se anot\u00f3 la destrucci\u00f3n de treinta y un veh\u00edculos blindados. La ferocidad de la caballer\u00eda polaca, que era vista solo fugazmente por entre los extensos bosques, era legendaria. La unidad del capit\u00e1n de las SS Kurt Meyer fue sorprendida por la caballer\u00eda polaca, surgiendo al galope de entre una cortina de humo. El fuego de armas ligeras no pudo detenerles. \u00abFue solo cuando la secci\u00f3n de motocicletas abri\u00f3 fuego y abati\u00f3 a algunos caballos cuando el fiero destacamento de caballer\u00eda galop\u00f3 de vuelta a la niebla\u00bb.<\/p>\n\n\n\n<p><strong><a href=\"https:\/\/edicionessalamina.com\/p\/tank-men-robert-kershaw\">QUIERO EL LIBRO<\/a><\/strong><\/p>\n","protected":false},"excerpt":{"rendered":"<p>Era inevitable que, en alg\u00fan momento de esta guerra, la nueva forma mecanizada de combatir se enfrentase a la vieja. El alf\u00e9rez M. Kamil Dzewanski, jefe de secci\u00f3n de la Brigada de caballer\u00eda Polaca Suwalki, recuerda c\u00f3mo su unidad tuvo &hellip; <a href=\"https:\/\/www.edicionesplatea.com\/blog\/caballeria-polaca-contra-los-panzer-tank-men\/\">Sigue leyendo <span class=\"meta-nav\">&rarr;<\/span><\/a><\/p>\n","protected":false},"author":2,"featured_media":0,"comment_status":"open","ping_status":"open","sticky":false,"template":"","format":"standard","meta":{"footnotes":""},"categories":[16],"tags":[473,720,84,819,472],"class_list":["post-1974","post","type-post","status-publish","format-standard","hentry","category-tank-men","tag-carros-de-combate","tag-guerra-acorazada","tag-panzer","tag-tank-men","tag-tanques"],"_links":{"self":[{"href":"https:\/\/www.edicionesplatea.com\/blog\/wp-json\/wp\/v2\/posts\/1974","targetHints":{"allow":["GET"]}}],"collection":[{"href":"https:\/\/www.edicionesplatea.com\/blog\/wp-json\/wp\/v2\/posts"}],"about":[{"href":"https:\/\/www.edicionesplatea.com\/blog\/wp-json\/wp\/v2\/types\/post"}],"author":[{"embeddable":true,"href":"https:\/\/www.edicionesplatea.com\/blog\/wp-json\/wp\/v2\/users\/2"}],"replies":[{"embeddable":true,"href":"https:\/\/www.edicionesplatea.com\/blog\/wp-json\/wp\/v2\/comments?post=1974"}],"version-history":[{"count":2,"href":"https:\/\/www.edicionesplatea.com\/blog\/wp-json\/wp\/v2\/posts\/1974\/revisions"}],"predecessor-version":[{"id":2184,"href":"https:\/\/www.edicionesplatea.com\/blog\/wp-json\/wp\/v2\/posts\/1974\/revisions\/2184"}],"wp:attachment":[{"href":"https:\/\/www.edicionesplatea.com\/blog\/wp-json\/wp\/v2\/media?parent=1974"}],"wp:term":[{"taxonomy":"category","embeddable":true,"href":"https:\/\/www.edicionesplatea.com\/blog\/wp-json\/wp\/v2\/categories?post=1974"},{"taxonomy":"post_tag","embeddable":true,"href":"https:\/\/www.edicionesplatea.com\/blog\/wp-json\/wp\/v2\/tags?post=1974"}],"curies":[{"name":"wp","href":"https:\/\/api.w.org\/{rel}","templated":true}]}}