{"id":1962,"date":"2024-02-08T16:18:00","date_gmt":"2024-02-08T16:18:00","guid":{"rendered":"https:\/\/www.edicionesplatea.com\/blog\/?p=1962"},"modified":"2025-03-04T21:35:28","modified_gmt":"2025-03-04T21:35:28","slug":"operacion-militar-especial-guerra-o-engano-la-guerra-de-ucrania-y-sus-consecuencias-geopoliticas-y-estrategicas-francisco-gamez","status":"publish","type":"post","link":"https:\/\/www.edicionesplatea.com\/blog\/operacion-militar-especial-guerra-o-engano-la-guerra-de-ucrania-y-sus-consecuencias-geopoliticas-y-estrategicas-francisco-gamez\/","title":{"rendered":"Operaci\u00f3n militar especial. \u00bfGuerra o enga\u00f1o? La Guerra de Ucrania y sus consecuencias geopol\u00edticas y estrat\u00e9gicas. Francisco G\u00e1mez"},"content":{"rendered":"\n<figure class=\"wp-block-image size-large is-resized\"><a href=\"https:\/\/edicionessalamina.com\/p\/operacion-militar-especial-francisco-gamez-1\"><img loading=\"lazy\" decoding=\"async\" width=\"668\" height=\"1024\" src=\"https:\/\/www.edicionesplatea.com\/blog\/wp-content\/uploads\/2024\/02\/Operacion-Militar-Especial-Francisco-Gamez-Salamina-668x1024.png\" alt=\"\" class=\"wp-image-1963\" style=\"width:335px;height:auto\" srcset=\"https:\/\/www.edicionesplatea.com\/blog\/wp-content\/uploads\/2024\/02\/Operacion-Militar-Especial-Francisco-Gamez-Salamina-668x1024.png 668w, https:\/\/www.edicionesplatea.com\/blog\/wp-content\/uploads\/2024\/02\/Operacion-Militar-Especial-Francisco-Gamez-Salamina-196x300.png 196w, https:\/\/www.edicionesplatea.com\/blog\/wp-content\/uploads\/2024\/02\/Operacion-Militar-Especial-Francisco-Gamez-Salamina.png 705w\" sizes=\"auto, (max-width: 668px) 100vw, 668px\" \/><\/a><\/figure>\n\n\n\n<p>YA EN PREVENTA: OPERACI\u00d3N MILITAR ESPECIAL. Francisco G\u00e1mez Balc\u00e1zar. Fecha estimada de env\u00edo a partir del 26 de febrero de 2024. Con nosotros siempre env\u00edo gratis con entrega a domicilio.<\/p>\n\n\n\n<p>Adem\u00e1s, si eres del Club Salamina, con la compra de este libro, te llevas de regalo el OCTAVO N\u00daMERO de nuestra colecci\u00f3n especial del Bolet\u00edn Salamina sobre la Guerra de Ucrania: El Plan para destruir Ucrania. Solo en nuestra tienda online.<\/p>\n\n\n\n<p>La denominada Operaci\u00f3n Militar Especial, lanzada <a><\/a>por Rusia en febrero de 2022 para intentar hacer caer el gobierno y a las instituciones de Ucrania mediante un golpe de mano, acab\u00f3 en fracaso.<\/p>\n\n\n\n<p>La malograda Operaci\u00f3n ha derivado nuevamente en una \u00abguerra cl\u00e1sica\u00bb en Europa con frentes estancados, guerra de trincheras e intensos combates urbanos. La diferencia con \u00e9pocas pasadas la marca el tipo de armamento empleado y la extensi\u00f3n del conflicto m\u00e1s all\u00e1 del propio campo de batalla. La guerra de la propaganda y de la desinformaci\u00f3n, y el uso del ciberespacio y del espacio son otras derivadas que est\u00e1n marcando el devenir de los acontecimientos en la contienda. Los ataques de \u00abfalsa bandera\u00bb, las medidas activas sumidas en la incertidumbre, como las explosiones del gaseoducto Nord Stream, el hundimiento del crucero ruso Moskva y la guerra en el mar, o el empleo de armamento moderno, como sistemas antia\u00e9reos o contracarro, y la prueba de armas y doctrina de \u00faltima generaci\u00f3n, como los drones a\u00e9reos y mar\u00edtimos, est\u00e1n aportando otras aristas al conflicto que lo hacen a\u00fan m\u00e1s intrincado. Por no hablar de la permanente amenaza de una escalada nuclear.<\/p>\n\n\n\n<p>Tienes toda la informaci\u00f3n en nuestra tienda online :<\/p>\n\n\n\n<p><strong><a href=\"https:\/\/edicionessalamina.com\/p\/operacion-militar-especial-francisco-gamez-1\">OPERACI\u00d3N MILITAR ESPECIAL<\/a><\/strong><\/p>\n\n\n\n<p>Adem\u00e1s, si est\u00e1s suscrito y eres miembro del Club Salamina,\u00a0te llevas de<strong> REGALO <\/strong>tambi\u00e9n\u00a0el octavo\u00a0n\u00famero\u00a0de nuestra colecci\u00f3n especial del\u00a0Bolet\u00edn Salamina sobre la Guerra de Ucrania<strong>:\u00a0<\/strong><\/p>\n\n\n\n<figure class=\"wp-block-image size-full is-resized\"><a href=\"https:\/\/www.edicionesplatea.com\/blog\/wp-content\/uploads\/2024\/02\/imagen-1.png\"><img loading=\"lazy\" decoding=\"async\" width=\"720\" height=\"1018\" src=\"https:\/\/www.edicionesplatea.com\/blog\/wp-content\/uploads\/2024\/02\/imagen-1.png\" alt=\"\" class=\"wp-image-2766\" style=\"width:286px;height:auto\" srcset=\"https:\/\/www.edicionesplatea.com\/blog\/wp-content\/uploads\/2024\/02\/imagen-1.png 720w, https:\/\/www.edicionesplatea.com\/blog\/wp-content\/uploads\/2024\/02\/imagen-1-212x300.png 212w\" sizes=\"auto, (max-width: 720px) 100vw, 720px\" \/><\/a><\/figure>\n","protected":false},"excerpt":{"rendered":"<p>YA EN PREVENTA: OPERACI\u00d3N MILITAR ESPECIAL. Francisco G\u00e1mez Balc\u00e1zar. Fecha estimada de env\u00edo a partir del 26 de febrero de 2024. Con nosotros siempre env\u00edo gratis con entrega a domicilio. Adem\u00e1s, si eres del Club Salamina, con la compra de &hellip; <a href=\"https:\/\/www.edicionesplatea.com\/blog\/operacion-militar-especial-guerra-o-engano-la-guerra-de-ucrania-y-sus-consecuencias-geopoliticas-y-estrategicas-francisco-gamez\/\">Sigue leyendo <span class=\"meta-nav\">&rarr;<\/span><\/a><\/p>\n","protected":false},"author":2,"featured_media":0,"comment_status":"open","ping_status":"open","sticky":false,"template":"","format":"standard","meta":{"footnotes":""},"categories":[807],"tags":[221,809,693,808,284],"class_list":["post-1962","post","type-post","status-publish","format-standard","hentry","category-operacion-militar-especial","tag-estrategia","tag-geopolitica","tag-guerra-moderna","tag-operacion-militar-especial","tag-ucrania"],"_links":{"self":[{"href":"https:\/\/www.edicionesplatea.com\/blog\/wp-json\/wp\/v2\/posts\/1962","targetHints":{"allow":["GET"]}}],"collection":[{"href":"https:\/\/www.edicionesplatea.com\/blog\/wp-json\/wp\/v2\/posts"}],"about":[{"href":"https:\/\/www.edicionesplatea.com\/blog\/wp-json\/wp\/v2\/types\/post"}],"author":[{"embeddable":true,"href":"https:\/\/www.edicionesplatea.com\/blog\/wp-json\/wp\/v2\/users\/2"}],"replies":[{"embeddable":true,"href":"https:\/\/www.edicionesplatea.com\/blog\/wp-json\/wp\/v2\/comments?post=1962"}],"version-history":[{"count":3,"href":"https:\/\/www.edicionesplatea.com\/blog\/wp-json\/wp\/v2\/posts\/1962\/revisions"}],"predecessor-version":[{"id":2767,"href":"https:\/\/www.edicionesplatea.com\/blog\/wp-json\/wp\/v2\/posts\/1962\/revisions\/2767"}],"wp:attachment":[{"href":"https:\/\/www.edicionesplatea.com\/blog\/wp-json\/wp\/v2\/media?parent=1962"}],"wp:term":[{"taxonomy":"category","embeddable":true,"href":"https:\/\/www.edicionesplatea.com\/blog\/wp-json\/wp\/v2\/categories?post=1962"},{"taxonomy":"post_tag","embeddable":true,"href":"https:\/\/www.edicionesplatea.com\/blog\/wp-json\/wp\/v2\/tags?post=1962"}],"curies":[{"name":"wp","href":"https:\/\/api.w.org\/{rel}","templated":true}]}}