{"id":1924,"date":"2023-12-18T16:40:12","date_gmt":"2023-12-18T16:40:12","guid":{"rendered":"https:\/\/www.edicionesplatea.com\/blog\/?p=1924"},"modified":"2025-03-04T22:40:27","modified_gmt":"2025-03-04T22:40:27","slug":"el-general-von-senger-en-sicilia-la-wehrmacht-se-retira-robert-m-citino","status":"publish","type":"post","link":"https:\/\/www.edicionesplatea.com\/blog\/el-general-von-senger-en-sicilia-la-wehrmacht-se-retira-robert-m-citino\/","title":{"rendered":"El general von Senger en Sicilia. La Wehrmacht se retira. Robert M. Citino"},"content":{"rendered":"\n<figure class=\"wp-block-image size-full is-resized\"><img loading=\"lazy\" decoding=\"async\" width=\"1024\" height=\"766\" src=\"https:\/\/www.edicionesplatea.com\/blog\/wp-content\/uploads\/2023\/12\/La-Wehrmacht-se-retira-Robert-Citino-Salamina-von-Senger.jpg\" alt=\"\" class=\"wp-image-1925\" style=\"width:616px;height:auto\" srcset=\"https:\/\/www.edicionesplatea.com\/blog\/wp-content\/uploads\/2023\/12\/La-Wehrmacht-se-retira-Robert-Citino-Salamina-von-Senger.jpg 1024w, https:\/\/www.edicionesplatea.com\/blog\/wp-content\/uploads\/2023\/12\/La-Wehrmacht-se-retira-Robert-Citino-Salamina-von-Senger-300x224.jpg 300w, https:\/\/www.edicionesplatea.com\/blog\/wp-content\/uploads\/2023\/12\/La-Wehrmacht-se-retira-Robert-Citino-Salamina-von-Senger-768x575.jpg 768w\" sizes=\"auto, (max-width: 1024px) 100vw, 1024px\" \/><\/figure>\n\n\n\n<p>Von Senger hab\u00eda sabido que vendr\u00eda la invasi\u00f3n. Todos lo hab\u00edan sabido y hab\u00edan estado planificando para ello durante meses trabajando en los despliegues y en los planes de maniobra. \u00bfQu\u00e9 hacer si los italianos abandonaban? \u00bfSi? Mas bien quer\u00eda decir cu\u00e1ndo. Se sec\u00f3 la frente con el pa\u00f1uelo.<\/p>\n\n\n\n<p>Y ahora estaba ah\u00ed. Hab\u00eda decidido hacer un reconocimiento personal, la m\u00e1s antigua de todas las tradiciones militares prusianas. El generalFrido von Senger und Etterlin, nacido en Baden, hab\u00eda estado en el ejercito el tiempo suficiente como para conocer su obligaci\u00f3n. Mientras ascend\u00eda la peque\u00f1a cota que se alzaba al norte de Licata mir\u00f3 hacia el mar. No pod\u00eda ser. Se frot\u00f3 los ojos. Pero era. Una vista incre\u00edble. \u00a1Barcos! Cientos de ellos, tal vez miles, m\u00e1s barcos de los que hab\u00eda visto en toda su vida; pod\u00edan ser perfectamente todos los barcos del mundo. La playa, frente a \u00e9l, ya estaba llena de soldados estadounidenses avanzando por ella. Hab\u00eda o\u00eddo que en T\u00fanez se hab\u00edan desempe\u00f1ado decentemente, al menos al final, pero no pod\u00eda saberlo porque en ese momento estaba en Rusia. Y jam\u00e1s hab\u00eda visto tantos aviones en el aire. Algunos de ellos ten\u00edan formas extra\u00f1as, pero parec\u00edan bastante r\u00e1pidos. Pens\u00f3 que hab\u00eda ocasiones en Rusia en las que ver tan solo un avi\u00f3n de la <em>Luftwaffe <\/em>sobrevol\u00e1ndolos hab\u00eda sido motivo suficiente para una celebraci\u00f3n. La impresi\u00f3n causada por el hecho de hallarse en presencia de tanto poder era abrumadora. En ese momento la mente de Senger adquiri\u00f3 una certeza total: \u00abesta isla est\u00e1 perdida\u00bb. Y tambi\u00e9n la guerra.<\/p>\n\n\n\n<p><strong><a href=\"https:\/\/edicionessalamina.com\/p\/la-wehrmacht-se-retira-robert-m-citino\">QUIERO EL LIBRO<\/a><\/strong><\/p>\n","protected":false},"excerpt":{"rendered":"<p>Von Senger hab\u00eda sabido que vendr\u00eda la invasi\u00f3n. Todos lo hab\u00edan sabido y hab\u00edan estado planificando para ello durante meses trabajando en los despliegues y en los planes de maniobra. \u00bfQu\u00e9 hacer si los italianos abandonaban? \u00bfSi? Mas bien quer\u00eda &hellip; <a href=\"https:\/\/www.edicionesplatea.com\/blog\/el-general-von-senger-en-sicilia-la-wehrmacht-se-retira-robert-m-citino\/\">Sigue leyendo <span class=\"meta-nav\">&rarr;<\/span><\/a><\/p>\n","protected":false},"author":2,"featured_media":0,"comment_status":"open","ping_status":"open","sticky":false,"template":"","format":"standard","meta":{"footnotes":""},"categories":[9],"tags":[11,12,791,89,177,792],"class_list":["post-1924","post","type-post","status-publish","format-standard","hentry","category-la-wehrmacht-se-retira","tag-11","tag-citino","tag-husky","tag-montgomery","tag-sicilia","tag-von-senger"],"_links":{"self":[{"href":"https:\/\/www.edicionesplatea.com\/blog\/wp-json\/wp\/v2\/posts\/1924","targetHints":{"allow":["GET"]}}],"collection":[{"href":"https:\/\/www.edicionesplatea.com\/blog\/wp-json\/wp\/v2\/posts"}],"about":[{"href":"https:\/\/www.edicionesplatea.com\/blog\/wp-json\/wp\/v2\/types\/post"}],"author":[{"embeddable":true,"href":"https:\/\/www.edicionesplatea.com\/blog\/wp-json\/wp\/v2\/users\/2"}],"replies":[{"embeddable":true,"href":"https:\/\/www.edicionesplatea.com\/blog\/wp-json\/wp\/v2\/comments?post=1924"}],"version-history":[{"count":3,"href":"https:\/\/www.edicionesplatea.com\/blog\/wp-json\/wp\/v2\/posts\/1924\/revisions"}],"predecessor-version":[{"id":2853,"href":"https:\/\/www.edicionesplatea.com\/blog\/wp-json\/wp\/v2\/posts\/1924\/revisions\/2853"}],"wp:attachment":[{"href":"https:\/\/www.edicionesplatea.com\/blog\/wp-json\/wp\/v2\/media?parent=1924"}],"wp:term":[{"taxonomy":"category","embeddable":true,"href":"https:\/\/www.edicionesplatea.com\/blog\/wp-json\/wp\/v2\/categories?post=1924"},{"taxonomy":"post_tag","embeddable":true,"href":"https:\/\/www.edicionesplatea.com\/blog\/wp-json\/wp\/v2\/tags?post=1924"}],"curies":[{"name":"wp","href":"https:\/\/api.w.org\/{rel}","templated":true}]}}