{"id":1921,"date":"2023-12-17T17:19:35","date_gmt":"2023-12-17T17:19:35","guid":{"rendered":"https:\/\/www.edicionesplatea.com\/blog\/?p=1921"},"modified":"2025-03-04T21:30:54","modified_gmt":"2025-03-04T21:30:54","slug":"el-cruce-de-caminos-de-la-batalla-de-las-ardenas-bastogne-ocho-dias-cruciales","status":"publish","type":"post","link":"https:\/\/www.edicionesplatea.com\/blog\/el-cruce-de-caminos-de-la-batalla-de-las-ardenas-bastogne-ocho-dias-cruciales\/","title":{"rendered":"El cruce de caminos de la batalla de las Ardenas. Bastogne. Ocho d\u00edas cruciales"},"content":{"rendered":"\n<figure class=\"wp-block-image size-full is-resized\"><a href=\"https:\/\/edicionessalamina.com\/p\/bastogne-samuel-l-a-marshall\"><img loading=\"lazy\" decoding=\"async\" width=\"720\" height=\"507\" src=\"https:\/\/www.edicionesplatea.com\/blog\/wp-content\/uploads\/2023\/12\/Bastogne-Samuel-Marshall-Salamina-SHAEF.jpg\" alt=\"\" class=\"wp-image-1922\" style=\"width:525px;height:auto\" srcset=\"https:\/\/www.edicionesplatea.com\/blog\/wp-content\/uploads\/2023\/12\/Bastogne-Samuel-Marshall-Salamina-SHAEF.jpg 720w, https:\/\/www.edicionesplatea.com\/blog\/wp-content\/uploads\/2023\/12\/Bastogne-Samuel-Marshall-Salamina-SHAEF-300x211.jpg 300w\" sizes=\"auto, (max-width: 720px) 100vw, 720px\" \/><\/a><\/figure>\n\n\n\n<p>En la ma\u00f1ana del 17 de diciembre de 1944 dos miembros del Estado Mayor del SHAEF miraron el mapa y reflexionaron sobre la cuesti\u00f3n de d\u00f3nde emplear mejor la Reserva del SHAEF, que en ese momento consist\u00eda en las dos divisiones norteamericanas, la 82.\u00aa y la 101.\u00aa Aerotransportadas, recientemente retiradas del frente en Holanda. \u00abCreo que deber\u00eda ponerlas ah\u00ed\u00bb, dijo el mayor general J.F.M. Whiteley, subjefe del estado mayor y G-3, \u00abel lugar tiene la mejor red de carreteras de <a><\/a>la zona\u00bb.<\/p>\n\n\n\n<p>El teniente general W. B. Smith, jefe del estado mayor del general Eisenhower, asinti\u00f3 con la cabeza e indic\u00f3 que lo hiciera. Bas\u00f3 su decisi\u00f3n en el puro pensamiento de lo ventajosa que era la red de carreteras radiales de Bastogne en el mapa. Su idea en ese momento era que tanto la 101.\u00aa como la 82.\u00aa Divisi\u00f3n Aerotransportada se emplearan en la zona de Bastogne. As\u00ed fue como el Cuerpo Aerotransportado se puso en marcha hacia Bastogne.<\/p>\n\n\n\n<p>El concepto general del SHAEF fue modificado posteriormente por decisiones tomadas en los cuarteles generales inferiores, aunque el impulso inicial se hab\u00eda dado en la direcci\u00f3n adecuada. El cambio de direcci\u00f3n de la 82.\u00aa Divisi\u00f3n, que iba a tener algunos de sus mejores d\u00edas en los combates en torno a Werbomont, en el extremo norte del saliente, se produjo despu\u00e9s de que el XVIII Cuerpo Aerotransportado (82.\u00aa y 101.\u00aa Divisiones) hubiera pasado de la reserva del SHAEF al mando del 12.\u00ba Grupo de Ej\u00e9rcitos, que ya estaba elaborando otros planes tanto para la defensa de Bastogne como para el empleo de la fuerza aerotransportada.<\/p>\n\n\n\n<p><strong><a href=\"https:\/\/edicionessalamina.com\/p\/bastogne-samuel-l-a-marshall\">QUIERO EL LIBRO<\/a><\/strong><\/p>\n\n\n\n<p>Ll\u00e9vate de<strong> regalo<\/strong> una r\u00e9plica gigante a todo color (42x59cm) del mapa del U.S. Army de la zona de Bastogne para que puedas seguir las operaciones. Solo en nuestra tienda online.<\/p>\n\n\n\n<figure class=\"wp-block-image size-full is-resized\"><a href=\"https:\/\/www.edicionesplatea.com\/blog\/wp-content\/uploads\/2023\/12\/imagen.png\"><img loading=\"lazy\" decoding=\"async\" width=\"540\" height=\"389\" src=\"https:\/\/www.edicionesplatea.com\/blog\/wp-content\/uploads\/2023\/12\/imagen.png\" alt=\"\" class=\"wp-image-2760\" style=\"width:435px;height:auto\" srcset=\"https:\/\/www.edicionesplatea.com\/blog\/wp-content\/uploads\/2023\/12\/imagen.png 540w, https:\/\/www.edicionesplatea.com\/blog\/wp-content\/uploads\/2023\/12\/imagen-300x216.png 300w\" sizes=\"auto, (max-width: 540px) 100vw, 540px\" \/><\/a><\/figure>\n","protected":false},"excerpt":{"rendered":"<p>En la ma\u00f1ana del 17 de diciembre de 1944 dos miembros del Estado Mayor del SHAEF miraron el mapa y reflexionaron sobre la cuesti\u00f3n de d\u00f3nde emplear mejor la Reserva del SHAEF, que en ese momento consist\u00eda en las dos &hellip; <a href=\"https:\/\/www.edicionesplatea.com\/blog\/el-cruce-de-caminos-de-la-batalla-de-las-ardenas-bastogne-ocho-dias-cruciales\/\">Sigue leyendo <span class=\"meta-nav\">&rarr;<\/span><\/a><\/p>\n","protected":false},"author":2,"featured_media":0,"comment_status":"open","ping_status":"open","sticky":false,"template":"","format":"standard","meta":{"footnotes":""},"categories":[789],"tags":[790,148,194,307],"class_list":["post-1921","post","type-post","status-publish","format-standard","hentry","category-bastogne","tag-101-a-aerotransportada","tag-148","tag-ardenas","tag-bastogne"],"_links":{"self":[{"href":"https:\/\/www.edicionesplatea.com\/blog\/wp-json\/wp\/v2\/posts\/1921","targetHints":{"allow":["GET"]}}],"collection":[{"href":"https:\/\/www.edicionesplatea.com\/blog\/wp-json\/wp\/v2\/posts"}],"about":[{"href":"https:\/\/www.edicionesplatea.com\/blog\/wp-json\/wp\/v2\/types\/post"}],"author":[{"embeddable":true,"href":"https:\/\/www.edicionesplatea.com\/blog\/wp-json\/wp\/v2\/users\/2"}],"replies":[{"embeddable":true,"href":"https:\/\/www.edicionesplatea.com\/blog\/wp-json\/wp\/v2\/comments?post=1921"}],"version-history":[{"count":3,"href":"https:\/\/www.edicionesplatea.com\/blog\/wp-json\/wp\/v2\/posts\/1921\/revisions"}],"predecessor-version":[{"id":2761,"href":"https:\/\/www.edicionesplatea.com\/blog\/wp-json\/wp\/v2\/posts\/1921\/revisions\/2761"}],"wp:attachment":[{"href":"https:\/\/www.edicionesplatea.com\/blog\/wp-json\/wp\/v2\/media?parent=1921"}],"wp:term":[{"taxonomy":"category","embeddable":true,"href":"https:\/\/www.edicionesplatea.com\/blog\/wp-json\/wp\/v2\/categories?post=1921"},{"taxonomy":"post_tag","embeddable":true,"href":"https:\/\/www.edicionesplatea.com\/blog\/wp-json\/wp\/v2\/tags?post=1921"}],"curies":[{"name":"wp","href":"https:\/\/api.w.org\/{rel}","templated":true}]}}