{"id":190,"date":"2016-04-14T12:28:21","date_gmt":"2016-04-14T12:28:21","guid":{"rendered":"http:\/\/www.edicionesplatea.com\/blog\/?p=190"},"modified":"2025-02-09T19:26:50","modified_gmt":"2025-02-09T19:26:50","slug":"asalto-al-paso-griego-de-kleisura-meyer-motiva-a-sus-granaderos","status":"publish","type":"post","link":"https:\/\/www.edicionesplatea.com\/blog\/asalto-al-paso-griego-de-kleisura-meyer-motiva-a-sus-granaderos\/","title":{"rendered":"Asalto al paso griego de Kleisura &#8211; Meyer motiva a sus granaderos"},"content":{"rendered":"\n<p>Avanzamos por la carretera. De repente el terreno que hab\u00eda frente a nosotros se empin\u00f3 hacia arriba. No pod\u00eda creer lo que ve\u00eda. Donde hab\u00eda estado la carretera hab\u00eda ahora un gran cr\u00e1ter. La carretera se hab\u00eda desmoronado sobre el barranco. El sudor dibuj\u00f3 gruesos trazos en nuestras caras. Est\u00e1bamos aterrorizados. \u00bf\u00cdbamos a salir volando en los pr\u00f3ximos segundos? Cien metros m\u00e1s adelante la monta\u00f1a se sacudi\u00f3 de nuevo, y despu\u00e9s de que se hubiera asentado el polvo vimos otro agujero en la carretera.<\/p>\n\n\n<div class=\"wp-block-image\">\n<figure class=\"aligncenter\"><a href=\"http:\/\/www.edicionesplatea.com\/blog\/wp-content\/uploads\/2016\/08\/Granaderos-Meyer-Platea.jpg\"><img loading=\"lazy\" decoding=\"async\" width=\"734\" height=\"403\" src=\"http:\/\/www.edicionesplatea.com\/blog\/wp-content\/uploads\/2016\/08\/Granaderos-Meyer-Platea.jpg\" alt=\"Granaderos - Meyer- Platea\" class=\"wp-image-366\" srcset=\"https:\/\/www.edicionesplatea.com\/blog\/wp-content\/uploads\/2016\/08\/Granaderos-Meyer-Platea.jpg 734w, https:\/\/www.edicionesplatea.com\/blog\/wp-content\/uploads\/2016\/08\/Granaderos-Meyer-Platea-300x165.jpg 300w\" sizes=\"auto, (max-width: 734px) 100vw, 734px\" \/><\/a><\/figure>\n<\/div>\n\n\n<p>Nos escondimos detr\u00e1s de unas rocas sin atrevernos a movernos. Casi me atraganto de la n\u00e1usea. Grit\u00e9 a Emil Wawrzinek para que continuara el ataque. Pero el bueno de Emil me mir\u00f3 como si dudara de que estuviera en mis cabales. El fuego de ametralladora comenz\u00f3 a impactar en las rocas que hab\u00eda delante; nuestro elemento de vanguardia estaba formado \u00fanicamente por unos diez hombres. \u00a1Maldici\u00f3n! Ciertamente no pod\u00edamos permanecer all\u00ed mientras se volaban cr\u00e1teres en la carretera y el fuego de ametralladora nos ten\u00eda fijados en los escombros.<\/p>\n\n\n\n<p>Pero yo tambi\u00e9n estaba en cuclillas, totalmente a cubierto y temiendo por mi vida. \u00bfC\u00f3mo iba a ordenar a Wawrzinek que se pusiera en marcha primero? En mi angustia sent\u00ed con la mano el suave borde redondeado de una granada de huevo<a href=\"#_ftn1\" name=\"_ftnref1\"><\/a>. Grit\u00e9 al grupo. Todos me miraron at\u00f3nitos cuando les mostr\u00e9 la granada, tir\u00e9 de la anilla y la dej\u00e9 rodar detr\u00e1s del \u00faltimo granadero. En la vida presenci\u00e9 semejante salto al un\u00edsono hacia delante. Como si nos hubiera picado una tar\u00e1ntula corrimos por entre las rocas adentr\u00e1ndonos en el cr\u00e1ter. La par\u00e1lisis se hab\u00eda interrumpido; hab\u00eda sido la granada. Nos sonre\u00edmos unos a otros y nos precipitamos hacia delante en busca de nueva cobertura&#8230;..<\/p>\n\n\n\n<p><strong><a href=\"https:\/\/edicionessalamina.com\/p\/granderos-kurt-meyer\">QUIERO EL LIBRO<\/a><\/strong><\/p>\n\n\n\n<p>Si compras el libro en nuestra tienda online recibir\u00e1s gratis un mapa gigante del Heer de 1941 con el sector del Grupo de Ej\u00e9rcitos Sur <\/p>\n\n\n\n<figure class=\"wp-block-image size-full is-resized\"><a href=\"https:\/\/www.edicionesplatea.com\/blog\/wp-content\/uploads\/2016\/04\/imagen.png\"><img loading=\"lazy\" decoding=\"async\" width=\"720\" height=\"540\" src=\"https:\/\/www.edicionesplatea.com\/blog\/wp-content\/uploads\/2016\/04\/imagen.png\" alt=\"\" class=\"wp-image-2286\" style=\"width:483px;height:auto\" srcset=\"https:\/\/www.edicionesplatea.com\/blog\/wp-content\/uploads\/2016\/04\/imagen.png 720w, https:\/\/www.edicionesplatea.com\/blog\/wp-content\/uploads\/2016\/04\/imagen-300x225.png 300w\" sizes=\"auto, (max-width: 720px) 100vw, 720px\" \/><\/a><\/figure>\n\n\n\n<p><\/p>\n","protected":false},"excerpt":{"rendered":"<p>Avanzamos por la carretera. De repente el terreno que hab\u00eda frente a nosotros se empin\u00f3 hacia arriba. No pod\u00eda creer lo que ve\u00eda. Donde hab\u00eda estado la carretera hab\u00eda ahora un gran cr\u00e1ter. La carretera se hab\u00eda desmoronado sobre el &hellip; <a href=\"https:\/\/www.edicionesplatea.com\/blog\/asalto-al-paso-griego-de-kleisura-meyer-motiva-a-sus-granaderos\/\">Sigue leyendo <span class=\"meta-nav\">&rarr;<\/span><\/a><\/p>\n","protected":false},"author":1,"featured_media":0,"comment_status":"open","ping_status":"open","sticky":false,"template":"","format":"standard","meta":{"footnotes":""},"categories":[104],"tags":[139,138,140],"class_list":["post-190","post","type-post","status-publish","format-standard","hentry","category-granaderos","tag-grecia-1941","tag-panzer-meyer","tag-paso-de-kleisura"],"_links":{"self":[{"href":"https:\/\/www.edicionesplatea.com\/blog\/wp-json\/wp\/v2\/posts\/190","targetHints":{"allow":["GET"]}}],"collection":[{"href":"https:\/\/www.edicionesplatea.com\/blog\/wp-json\/wp\/v2\/posts"}],"about":[{"href":"https:\/\/www.edicionesplatea.com\/blog\/wp-json\/wp\/v2\/types\/post"}],"author":[{"embeddable":true,"href":"https:\/\/www.edicionesplatea.com\/blog\/wp-json\/wp\/v2\/users\/1"}],"replies":[{"embeddable":true,"href":"https:\/\/www.edicionesplatea.com\/blog\/wp-json\/wp\/v2\/comments?post=190"}],"version-history":[{"count":6,"href":"https:\/\/www.edicionesplatea.com\/blog\/wp-json\/wp\/v2\/posts\/190\/revisions"}],"predecessor-version":[{"id":2287,"href":"https:\/\/www.edicionesplatea.com\/blog\/wp-json\/wp\/v2\/posts\/190\/revisions\/2287"}],"wp:attachment":[{"href":"https:\/\/www.edicionesplatea.com\/blog\/wp-json\/wp\/v2\/media?parent=190"}],"wp:term":[{"taxonomy":"category","embeddable":true,"href":"https:\/\/www.edicionesplatea.com\/blog\/wp-json\/wp\/v2\/categories?post=190"},{"taxonomy":"post_tag","embeddable":true,"href":"https:\/\/www.edicionesplatea.com\/blog\/wp-json\/wp\/v2\/tags?post=190"}],"curies":[{"name":"wp","href":"https:\/\/api.w.org\/{rel}","templated":true}]}}