{"id":1892,"date":"2023-11-08T16:30:48","date_gmt":"2023-11-08T16:30:48","guid":{"rendered":"https:\/\/www.edicionesplatea.com\/blog\/?p=1892"},"modified":"2025-02-09T19:37:46","modified_gmt":"2025-02-09T19:37:46","slug":"la-montana-blanca-1620-batallas-de-la-guerra-de-los-treinta-anos-william-p-guthrie","status":"publish","type":"post","link":"https:\/\/www.edicionesplatea.com\/blog\/la-montana-blanca-1620-batallas-de-la-guerra-de-los-treinta-anos-william-p-guthrie\/","title":{"rendered":"La Monta\u00f1a Blanca (1620). Batallas de la Guerra de los Treinta A\u00f1os. William P. Guthrie"},"content":{"rendered":"\n<figure class=\"wp-block-image size-full\"><a href=\"https:\/\/www.edicionesplatea.com\/blog\/wp-content\/uploads\/2023\/11\/Batallas-de-la-Guerra-de-los-Treinta-Anos-William-Guthrie-Salamina-Montana-Blanca.jpg\"><img loading=\"lazy\" decoding=\"async\" width=\"560\" height=\"350\" src=\"https:\/\/www.edicionesplatea.com\/blog\/wp-content\/uploads\/2023\/11\/Batallas-de-la-Guerra-de-los-Treinta-Anos-William-Guthrie-Salamina-Montana-Blanca.jpg\" alt=\"\" class=\"wp-image-1893\" srcset=\"https:\/\/www.edicionesplatea.com\/blog\/wp-content\/uploads\/2023\/11\/Batallas-de-la-Guerra-de-los-Treinta-Anos-William-Guthrie-Salamina-Montana-Blanca.jpg 560w, https:\/\/www.edicionesplatea.com\/blog\/wp-content\/uploads\/2023\/11\/Batallas-de-la-Guerra-de-los-Treinta-Anos-William-Guthrie-Salamina-Montana-Blanca-300x188.jpg 300w\" sizes=\"auto, (max-width: 560px) 100vw, 560px\" \/><\/a><\/figure>\n\n\n\n<p>Para las 13:15 horas el grupo de Bucquoy hab\u00eda dejado aislado al Regimiento de Caballer\u00eda de Solms, capturado al propio Solms y alcanzado la l\u00ednea de la cima. Los cinco reductos adelantados hab\u00edan sido arrollados con facilidad, unos por Bucquoy y otros por Tilly. A medida que los restos de Thurn y de la caballer\u00eda pasaban en avalancha, los valones de Verdugo y los italianos de Spinelli marcharon contra Hohenlohe. Aquellas unidades se derrumbaron sin disparar un tiro; el Regimiento de Infanter\u00eda de Kaplir y la mayor parte del 2\u00ba escal\u00f3n siguieron su ejemplo. Los h\u00fasares de la retaguardia comenzaron a alejarse. En el Palacio de la Estrella, alarmado Sajonia-Weimar por la llegada de Tilly, envi\u00f3 a pedir ayuda a Kornis. \u00abYa no deseo ser alem\u00e1n\u00bb, dijo dram\u00e1ticamente, \u00ab\u00a1sino h\u00fangaro!\u00bb. \u00ab\u00a1<em>Germani currunt<\/em>!\u00bb, inform\u00f3 Kornis, abandonando el campo de forma Pragm\u00e1tica.<\/p>\n\n\n\n<p>Desesperada e in\u00fatilmente Anhalt y Thurn intentaron reunir a sus regimientos en desintegraci\u00f3n. Hoffkirch fue abatido, Styrum y Pechmann, viendo como se estaban poniendo las cosas, siguieron el ejemplo de Kornis. Schlick y su pu\u00f1ado de moravos aguantaron firmes, pero Spinelli y Bauer los hicieron retroceder al interior del parque. Para las 13:30 horas, todo hab\u00eda terminado. Algunos Cat\u00f3licos acosaron a los rebeldes en fuga, otros arrollaron a la Infanter\u00eda Real, que de forma suicida todav\u00eda manten\u00eda la formaci\u00f3n. El resto rodearon el Palacio de la Estrella, donde Schlick y Sajonia-Weimar trataban de improvisar una defensa. Para las 14:00 horas hasta ellos se hab\u00edan rendido. Los rebeldes hab\u00edan sido aplastados, la rebeli\u00f3n ser\u00eda la siguiente en serlo.<\/p>\n\n\n\n<p>El ej\u00e9rcito Protestante sencillamente dej\u00f3 de existir. Unos 4.000 hombres murieron o fueron capturados, y se tomaron 100 banderas y los diez ca\u00f1ones.<\/p>\n\n\n\n<p><strong><a href=\"https:\/\/edicionessalamina.com\/p\/batallas-de-la-guerra-de-los-treinta-anos-1o-periodo-william-p-guthrie\">QUIERO EL LIBRO<\/a><\/strong><\/p>\n","protected":false},"excerpt":{"rendered":"<p>Para las 13:15 horas el grupo de Bucquoy hab\u00eda dejado aislado al Regimiento de Caballer\u00eda de Solms, capturado al propio Solms y alcanzado la l\u00ednea de la cima. Los cinco reductos adelantados hab\u00edan sido arrollados con facilidad, unos por Bucquoy &hellip; <a href=\"https:\/\/www.edicionesplatea.com\/blog\/la-montana-blanca-1620-batallas-de-la-guerra-de-los-treinta-anos-william-p-guthrie\/\">Sigue leyendo <span class=\"meta-nav\">&rarr;<\/span><\/a><\/p>\n","protected":false},"author":2,"featured_media":0,"comment_status":"open","ping_status":"open","sticky":false,"template":"","format":"standard","meta":{"footnotes":""},"categories":[152],"tags":[229,774,191,256],"class_list":["post-1892","post","type-post","status-publish","format-standard","hentry","category-batallas-guerra-de-los-30-anos","tag-guerra-de-los-treinta-anos","tag-guillermo-verdugo","tag-montana-blanca","tag-praga"],"_links":{"self":[{"href":"https:\/\/www.edicionesplatea.com\/blog\/wp-json\/wp\/v2\/posts\/1892","targetHints":{"allow":["GET"]}}],"collection":[{"href":"https:\/\/www.edicionesplatea.com\/blog\/wp-json\/wp\/v2\/posts"}],"about":[{"href":"https:\/\/www.edicionesplatea.com\/blog\/wp-json\/wp\/v2\/types\/post"}],"author":[{"embeddable":true,"href":"https:\/\/www.edicionesplatea.com\/blog\/wp-json\/wp\/v2\/users\/2"}],"replies":[{"embeddable":true,"href":"https:\/\/www.edicionesplatea.com\/blog\/wp-json\/wp\/v2\/comments?post=1892"}],"version-history":[{"count":2,"href":"https:\/\/www.edicionesplatea.com\/blog\/wp-json\/wp\/v2\/posts\/1892\/revisions"}],"predecessor-version":[{"id":2303,"href":"https:\/\/www.edicionesplatea.com\/blog\/wp-json\/wp\/v2\/posts\/1892\/revisions\/2303"}],"wp:attachment":[{"href":"https:\/\/www.edicionesplatea.com\/blog\/wp-json\/wp\/v2\/media?parent=1892"}],"wp:term":[{"taxonomy":"category","embeddable":true,"href":"https:\/\/www.edicionesplatea.com\/blog\/wp-json\/wp\/v2\/categories?post=1892"},{"taxonomy":"post_tag","embeddable":true,"href":"https:\/\/www.edicionesplatea.com\/blog\/wp-json\/wp\/v2\/tags?post=1892"}],"curies":[{"name":"wp","href":"https:\/\/api.w.org\/{rel}","templated":true}]}}