{"id":1883,"date":"2023-11-05T17:06:55","date_gmt":"2023-11-05T17:06:55","guid":{"rendered":"https:\/\/www.edicionesplatea.com\/blog\/?p=1883"},"modified":"2025-02-12T12:18:55","modified_gmt":"2025-02-12T12:18:55","slug":"rocroy-batallas-de-la-guerra-de-los-treinta-anos-vol-ii-william-p-guthrie","status":"publish","type":"post","link":"https:\/\/www.edicionesplatea.com\/blog\/rocroy-batallas-de-la-guerra-de-los-treinta-anos-vol-ii-william-p-guthrie\/","title":{"rendered":"Rocroy. Batallas de la Guerra de los Treinta A\u00f1os. Vol. II &#8211; William P. Guthrie"},"content":{"rendered":"\n<figure class=\"wp-block-image size-full\"><a href=\"https:\/\/www.edicionesplatea.com\/blog\/wp-content\/uploads\/2023\/11\/Batallas-de-la-Guerra-de-los-Treinta-Anos-Guthrie-Salamina-Rocroy.jpg\"><img loading=\"lazy\" decoding=\"async\" width=\"595\" height=\"674\" src=\"https:\/\/www.edicionesplatea.com\/blog\/wp-content\/uploads\/2023\/11\/Batallas-de-la-Guerra-de-los-Treinta-Anos-Guthrie-Salamina-Rocroy.jpg\" alt=\"\" class=\"wp-image-1884\" srcset=\"https:\/\/www.edicionesplatea.com\/blog\/wp-content\/uploads\/2023\/11\/Batallas-de-la-Guerra-de-los-Treinta-Anos-Guthrie-Salamina-Rocroy.jpg 595w, https:\/\/www.edicionesplatea.com\/blog\/wp-content\/uploads\/2023\/11\/Batallas-de-la-Guerra-de-los-Treinta-Anos-Guthrie-Salamina-Rocroy-265x300.jpg 265w\" sizes=\"auto, (max-width: 595px) 100vw, 595px\" \/><\/a><\/figure>\n\n\n\n<p>Cond\u00e9 tambi\u00e9n ten\u00eda a Beck en mente. Tan r\u00e1pido como pudo puso a sus fuerzas en orden con el objeto de acabar con el cuadro espa\u00f1ol. La posici\u00f3n espa\u00f1ola de Rocroi no era tan desesperada como pudiese parecer. Los 4 tercios estaban pr\u00e1cticamente frescos, mientras que todos los franceses hab\u00edan sufrido en mayor o menor medida el fragor de la batalla. Todav\u00eda conservaban sus 18 ca\u00f1ones, y el n\u00famero de sus efectivos se hab\u00eda visto aumentado por los elementos m\u00e1s aguerridos de la caballer\u00eda y de los batallones disueltos. Cond\u00e9 dio \u00f3rdenes de preparar un ataque coordinado, pero no esper\u00f3 a que \u00e9stas se cumpliesen. Tan pronto como estuvo improvisada la l\u00ednea de ataque cay\u00f3 sobre el frente espa\u00f1ol. Este grupo estaba compuesto por Picard\u00eda, La Marine, los escoceses, los 5 batallones suizos, Piedmont, Cambures y la caballer\u00eda de su propia ala derecha. Tres veces que atacaron, tres veces que fueron repelidos por los bravos espa\u00f1oles. El anciano Fontaine, en su silla, fue herido de un disparo y muri\u00f3 durante el primer rechazo. Alrededor de las 09:30 horas los franceses preparaban su cuarto asalto. Esta vez todo estaba listo. Los galos hab\u00edan desplazado algunos de sus ca\u00f1ones para apoyar el ataque de la infanter\u00eda sobre el lateral occidental del cuadro (o frente).<\/p>\n\n\n\n<p>Los espa\u00f1oles estaban completamente rodeados y casi sin munici\u00f3n; sus efectivos eran de unos 8.000 hombres. Mercader, tras asumir el mando provisional, solicit\u00f3 parlamento con Cond\u00e9. Por desgracia, cuando Cond\u00e9 se acerc\u00f3 cabalgando para hablar con \u00e9l algunos espa\u00f1oles confundieron su escolta con un nuevo ataque y abrieron fuego. Cond\u00e9 sali\u00f3 ileso del trance, pero el hecho desencaden\u00f3 el cuarto asalto. Los franceses, furiosos, embistieron a los espa\u00f1oles y los arrollaron. Poco cuartel se hubiese dado de no ser porque Cond\u00e9 evit\u00f3 personalmente la masacre en ciernes.<\/p>\n\n\n\n<p><strong><a href=\"https:\/\/edicionessalamina.com\/p\/batallas-de-la-guerra-de-los-treinta-anos-2o-periodo-william-p-guthrie\">QUIERO EL LIBRO<\/a><\/strong><\/p>\n","protected":false},"excerpt":{"rendered":"<p>Cond\u00e9 tambi\u00e9n ten\u00eda a Beck en mente. Tan r\u00e1pido como pudo puso a sus fuerzas en orden con el objeto de acabar con el cuadro espa\u00f1ol. La posici\u00f3n espa\u00f1ola de Rocroi no era tan desesperada como pudiese parecer. Los 4 &hellip; <a href=\"https:\/\/www.edicionesplatea.com\/blog\/rocroy-batallas-de-la-guerra-de-los-treinta-anos-vol-ii-william-p-guthrie\/\">Sigue leyendo <span class=\"meta-nav\">&rarr;<\/span><\/a><\/p>\n","protected":false},"author":2,"featured_media":0,"comment_status":"open","ping_status":"open","sticky":false,"template":"","format":"standard","meta":{"footnotes":""},"categories":[207],"tags":[229,768,47,769],"class_list":["post-1883","post","type-post","status-publish","format-standard","hentry","category-batallas-de-la-guerra-de-los-treinta-anos-ii","tag-guerra-de-los-treinta-anos","tag-rocroy","tag-tercios","tag-william-p-guthrie"],"_links":{"self":[{"href":"https:\/\/www.edicionesplatea.com\/blog\/wp-json\/wp\/v2\/posts\/1883","targetHints":{"allow":["GET"]}}],"collection":[{"href":"https:\/\/www.edicionesplatea.com\/blog\/wp-json\/wp\/v2\/posts"}],"about":[{"href":"https:\/\/www.edicionesplatea.com\/blog\/wp-json\/wp\/v2\/types\/post"}],"author":[{"embeddable":true,"href":"https:\/\/www.edicionesplatea.com\/blog\/wp-json\/wp\/v2\/users\/2"}],"replies":[{"embeddable":true,"href":"https:\/\/www.edicionesplatea.com\/blog\/wp-json\/wp\/v2\/comments?post=1883"}],"version-history":[{"count":2,"href":"https:\/\/www.edicionesplatea.com\/blog\/wp-json\/wp\/v2\/posts\/1883\/revisions"}],"predecessor-version":[{"id":2379,"href":"https:\/\/www.edicionesplatea.com\/blog\/wp-json\/wp\/v2\/posts\/1883\/revisions\/2379"}],"wp:attachment":[{"href":"https:\/\/www.edicionesplatea.com\/blog\/wp-json\/wp\/v2\/media?parent=1883"}],"wp:term":[{"taxonomy":"category","embeddable":true,"href":"https:\/\/www.edicionesplatea.com\/blog\/wp-json\/wp\/v2\/categories?post=1883"},{"taxonomy":"post_tag","embeddable":true,"href":"https:\/\/www.edicionesplatea.com\/blog\/wp-json\/wp\/v2\/tags?post=1883"}],"curies":[{"name":"wp","href":"https:\/\/api.w.org\/{rel}","templated":true}]}}