{"id":187,"date":"2016-03-29T16:03:40","date_gmt":"2016-03-29T16:03:40","guid":{"rendered":"http:\/\/www.edicionesplatea.com\/blog\/?p=187"},"modified":"2025-02-09T18:40:26","modified_gmt":"2025-02-09T18:40:26","slug":"operaciones-aeromoviles-el-7o-de-caballeria-en-la-drang","status":"publish","type":"post","link":"https:\/\/www.edicionesplatea.com\/blog\/operaciones-aeromoviles-el-7o-de-caballeria-en-la-drang\/","title":{"rendered":"Operaciones Aerom\u00f3viles &#8211; El 7.\u00ba de Caballer\u00eda en La Drang"},"content":{"rendered":"\n<p>\u00abPod\u00edas ver en acci\u00f3n a la artiller\u00eda y los ataques a\u00e9reos en acci\u00f3n\u00bb, recordaba el jefe de la Delta Company, el capit\u00e1n Ray Lefebvre, que volaba en el helic\u00f3ptero de cabeza durante una inserci\u00f3n de refuerzos a X-Ray LS en el valle de La Drang.<\/p>\n\n\n<div class=\"wp-block-image is-style-default\">\n<figure class=\"aligncenter size-large is-resized\"><a href=\"https:\/\/www.edicionesplatea.com\/blog\/wp-content\/uploads\/2016\/08\/Sky-Men-Platea-5.jpg\"><img loading=\"lazy\" decoding=\"async\" width=\"843\" height=\"403\" src=\"https:\/\/www.edicionesplatea.com\/blog\/wp-content\/uploads\/2016\/08\/Sky-Men-Platea-5.jpg\" alt=\"\" class=\"wp-image-362\" style=\"width:621px;height:297px\" srcset=\"https:\/\/www.edicionesplatea.com\/blog\/wp-content\/uploads\/2016\/08\/Sky-Men-Platea-5.jpg 843w, https:\/\/www.edicionesplatea.com\/blog\/wp-content\/uploads\/2016\/08\/Sky-Men-Platea-5-300x143.jpg 300w, https:\/\/www.edicionesplatea.com\/blog\/wp-content\/uploads\/2016\/08\/Sky-Men-Platea-5-768x367.jpg 768w\" sizes=\"auto, (max-width: 843px) 100vw, 843px\" \/><\/a><\/figure>\n<\/div>\n\n\n<p>\u00abObservas la batalla y escuchas toda esa mierda que est\u00e1 pasando por la radio\u00bb. Estaba muy inquieto porque la transici\u00f3n desde su posici\u00f3n de aparato de cabeza a la de vuelo estacionario era un momento altamente vulnerable. \u00abEl piloto Bruce Crandall se volvi\u00f3 mene\u00f3 la cabeza e hizo un gesto con la cara: \u00abT\u00edo, \u00bfd\u00f3nde nos estamos metiendo?\u00bb<\/p>\n\n\n\n<p>De hecho, cuando saltaban de los helic\u00f3pteros deb\u00edan abrirse paso entre tropas norvietmanitas con uniformes khaki y salacots. Se produc\u00edan impactos de disparos en la parte trasera de los asientos blindados mientras los pilotos se dispon\u00edan a despegar. Los cristales de plexigl\u00e1s del morro recib\u00edan multitud de impactos de bala, y los paneles de instrumentos desprend\u00edan humo y chispas&#8230;.<\/p>\n\n\n\n<p><strong><a href=\"https:\/\/edicionessalamina.com\/p\/sky-men-robert-kershaw\">QUIERO EL LIBRO<\/a><\/strong><\/p>\n","protected":false},"excerpt":{"rendered":"<p>\u00abPod\u00edas ver en acci\u00f3n a la artiller\u00eda y los ataques a\u00e9reos en acci\u00f3n\u00bb, recordaba el jefe de la Delta Company, el capit\u00e1n Ray Lefebvre, que volaba en el helic\u00f3ptero de cabeza durante una inserci\u00f3n de refuerzos a X-Ray LS en &hellip; <a href=\"https:\/\/www.edicionesplatea.com\/blog\/operaciones-aeromoviles-el-7o-de-caballeria-en-la-drang\/\">Sigue leyendo <span class=\"meta-nav\">&rarr;<\/span><\/a><\/p>\n","protected":false},"author":1,"featured_media":0,"comment_status":"open","ping_status":"open","sticky":false,"template":"","format":"standard","meta":{"footnotes":""},"categories":[5],"tags":[82,23,15],"class_list":["post-187","post","type-post","status-publish","format-standard","hentry","category-sky-men","tag-guerra-operacional","tag-paracaidistas","tag-vietnam"],"_links":{"self":[{"href":"https:\/\/www.edicionesplatea.com\/blog\/wp-json\/wp\/v2\/posts\/187","targetHints":{"allow":["GET"]}}],"collection":[{"href":"https:\/\/www.edicionesplatea.com\/blog\/wp-json\/wp\/v2\/posts"}],"about":[{"href":"https:\/\/www.edicionesplatea.com\/blog\/wp-json\/wp\/v2\/types\/post"}],"author":[{"embeddable":true,"href":"https:\/\/www.edicionesplatea.com\/blog\/wp-json\/wp\/v2\/users\/1"}],"replies":[{"embeddable":true,"href":"https:\/\/www.edicionesplatea.com\/blog\/wp-json\/wp\/v2\/comments?post=187"}],"version-history":[{"count":6,"href":"https:\/\/www.edicionesplatea.com\/blog\/wp-json\/wp\/v2\/posts\/187\/revisions"}],"predecessor-version":[{"id":2239,"href":"https:\/\/www.edicionesplatea.com\/blog\/wp-json\/wp\/v2\/posts\/187\/revisions\/2239"}],"wp:attachment":[{"href":"https:\/\/www.edicionesplatea.com\/blog\/wp-json\/wp\/v2\/media?parent=187"}],"wp:term":[{"taxonomy":"category","embeddable":true,"href":"https:\/\/www.edicionesplatea.com\/blog\/wp-json\/wp\/v2\/categories?post=187"},{"taxonomy":"post_tag","embeddable":true,"href":"https:\/\/www.edicionesplatea.com\/blog\/wp-json\/wp\/v2\/tags?post=187"}],"curies":[{"name":"wp","href":"https:\/\/api.w.org\/{rel}","templated":true}]}}