{"id":1742,"date":"2023-10-27T16:02:37","date_gmt":"2023-10-27T16:02:37","guid":{"rendered":"https:\/\/www.edicionesplatea.com\/blog\/?p=1742"},"modified":"2025-03-04T21:24:05","modified_gmt":"2025-03-04T21:24:05","slug":"la-doctrina-de-la-panzerwaffe-blindados-en-el-desierto-robert-forczyk","status":"publish","type":"post","link":"https:\/\/www.edicionesplatea.com\/blog\/la-doctrina-de-la-panzerwaffe-blindados-en-el-desierto-robert-forczyk\/","title":{"rendered":"La doctrina de la Panzerwaffe. Blindados en el desierto. Robert Forczyk"},"content":{"rendered":"\n<figure class=\"wp-block-image size-full is-resized\"><a href=\"https:\/\/www.edicionesplatea.com\/blog\/wp-content\/uploads\/2023\/10\/Blindados-en-el-desierto-Robert-Forczyk-Salamina-Panzerwaffe.jpg\"><img loading=\"lazy\" decoding=\"async\" width=\"1023\" height=\"616\" src=\"https:\/\/www.edicionesplatea.com\/blog\/wp-content\/uploads\/2023\/10\/Blindados-en-el-desierto-Robert-Forczyk-Salamina-Panzerwaffe.jpg\" alt=\"\" class=\"wp-image-1743\" style=\"width:537px;height:auto\" srcset=\"https:\/\/www.edicionesplatea.com\/blog\/wp-content\/uploads\/2023\/10\/Blindados-en-el-desierto-Robert-Forczyk-Salamina-Panzerwaffe.jpg 1023w, https:\/\/www.edicionesplatea.com\/blog\/wp-content\/uploads\/2023\/10\/Blindados-en-el-desierto-Robert-Forczyk-Salamina-Panzerwaffe-300x181.jpg 300w, https:\/\/www.edicionesplatea.com\/blog\/wp-content\/uploads\/2023\/10\/Blindados-en-el-desierto-Robert-Forczyk-Salamina-Panzerwaffe-768x462.jpg 768w\" sizes=\"auto, (max-width: 1023px) 100vw, 1023px\" \/><\/a><\/figure>\n\n\n\n<p>Al t\u00e9rmino de la campa\u00f1a francesa de junio de 1940, la Panzerwaffe alemana contaba con la doctrina mejor validada para la guerra acorazada. Aunque la Wehrmacht seguir\u00eda perfeccionando su doctrina durante las campa\u00f1as de 1941\u20131942 en el norte de \u00c1frica, los Balcanes y la Uni\u00f3n Sovi\u00e9tica, la f\u00f3rmula b\u00e1sica estaba bien consolidada y era comprendida por la mayor\u00eda de los mandos a nivel t\u00e1ctico y operacional. En particular, destacaba por sobresaliente el empleo de Kampfgruppen de armas combinadas, formados a partir de subunidades que operaban juntas habitualmente. La doctrina acorazada alemana demostr\u00f3 ser muy id\u00f3nea para los espacios abiertos del norte de \u00c1frica y la Uni\u00f3n Sovi\u00e9tica, donde las divisiones panzer pod\u00edan dar lo mejor de s\u00ed. <\/p>\n\n\n\n<p>La \u00fanica debilidad real de la doctrina de guerra de maniobra germana era la concerniente a la sostenibilidad del combate: sencillamente, la Wehrmacht no dispon\u00eda de suficientes recursos materiales y log\u00edsticos para llevar a cabo operaciones m\u00f3viles prolongadas a larga distancia sin erosionar sus fuerzas. La falta de piezas de repuesto, de neum\u00e1ticos de caucho, de combustible y de munici\u00f3n actu\u00f3 a menudo como un freno mayor para las operaciones acorazadas alemanas de 1941\u20131942 que la propia resistencia enemiga. Los mandos alemanes tend\u00edan a asumir que proporcionar el apoyo log\u00edstico a las operaciones mecanizadas era problema de otros, lo que les permit\u00eda centrarse exclusivamente en las operaciones de combate \u2013se trataba de un punto ciego en el entrenamiento que perseguir\u00eda a la Panzerwaffe durante gran parte de la Segunda Guerra Mundial.<\/p>\n\n\n\n<p><strong><a href=\"https:\/\/edicionessalamina.com\/p\/blindados-en-el-desierto-robert-forczyk\">QUIERO EL LIBRO<\/a><\/strong><\/p>\n\n\n\n<p>Adem\u00e1s, si eres del Club Salamina, con la compra de este libro, te llevas de regalo el S\u00c9PTIMO N\u00daMERO de nuestra colecci\u00f3n especial del Bolet\u00edn Salamina sobre la Guerra de Ucrania: ASALTO Y RUPTURA: La lucha a trav\u00e9s de las defensas rusas en la ofensiva ucraniana de 2023. Solo en nuestra tienda online.<\/p>\n\n\n\n<figure class=\"wp-block-image size-full is-resized\"><a href=\"https:\/\/www.edicionesplatea.com\/blog\/wp-content\/uploads\/2023\/11\/imagen-1.png\"><img loading=\"lazy\" decoding=\"async\" width=\"618\" height=\"875\" src=\"https:\/\/www.edicionesplatea.com\/blog\/wp-content\/uploads\/2023\/11\/imagen-1.png\" alt=\"\" class=\"wp-image-1835\" style=\"width:256px;height:auto\" srcset=\"https:\/\/www.edicionesplatea.com\/blog\/wp-content\/uploads\/2023\/11\/imagen-1.png 618w, https:\/\/www.edicionesplatea.com\/blog\/wp-content\/uploads\/2023\/11\/imagen-1-212x300.png 212w\" sizes=\"auto, (max-width: 618px) 100vw, 618px\" \/><\/a><\/figure>\n","protected":false},"excerpt":{"rendered":"<p>Al t\u00e9rmino de la campa\u00f1a francesa de junio de 1940, la Panzerwaffe alemana contaba con la doctrina mejor validada para la guerra acorazada. Aunque la Wehrmacht seguir\u00eda perfeccionando su doctrina durante las campa\u00f1as de 1941\u20131942 en el norte de \u00c1frica, &hellip; <a href=\"https:\/\/www.edicionesplatea.com\/blog\/la-doctrina-de-la-panzerwaffe-blindados-en-el-desierto-robert-forczyk\/\">Sigue leyendo <span class=\"meta-nav\">&rarr;<\/span><\/a><\/p>\n","protected":false},"author":2,"featured_media":0,"comment_status":"open","ping_status":"open","sticky":false,"template":"","format":"standard","meta":{"footnotes":""},"categories":[719],"tags":[123,85,720,505,721],"class_list":["post-1742","post","type-post","status-publish","format-standard","hentry","category-blindados-en-el-desierto","tag-africa","tag-blindados","tag-guerra-acorazada","tag-panzerwaffe","tag-salamina-seleccion"],"_links":{"self":[{"href":"https:\/\/www.edicionesplatea.com\/blog\/wp-json\/wp\/v2\/posts\/1742","targetHints":{"allow":["GET"]}}],"collection":[{"href":"https:\/\/www.edicionesplatea.com\/blog\/wp-json\/wp\/v2\/posts"}],"about":[{"href":"https:\/\/www.edicionesplatea.com\/blog\/wp-json\/wp\/v2\/types\/post"}],"author":[{"embeddable":true,"href":"https:\/\/www.edicionesplatea.com\/blog\/wp-json\/wp\/v2\/users\/2"}],"replies":[{"embeddable":true,"href":"https:\/\/www.edicionesplatea.com\/blog\/wp-json\/wp\/v2\/comments?post=1742"}],"version-history":[{"count":2,"href":"https:\/\/www.edicionesplatea.com\/blog\/wp-json\/wp\/v2\/posts\/1742\/revisions"}],"predecessor-version":[{"id":2750,"href":"https:\/\/www.edicionesplatea.com\/blog\/wp-json\/wp\/v2\/posts\/1742\/revisions\/2750"}],"wp:attachment":[{"href":"https:\/\/www.edicionesplatea.com\/blog\/wp-json\/wp\/v2\/media?parent=1742"}],"wp:term":[{"taxonomy":"category","embeddable":true,"href":"https:\/\/www.edicionesplatea.com\/blog\/wp-json\/wp\/v2\/categories?post=1742"},{"taxonomy":"post_tag","embeddable":true,"href":"https:\/\/www.edicionesplatea.com\/blog\/wp-json\/wp\/v2\/tags?post=1742"}],"curies":[{"name":"wp","href":"https:\/\/api.w.org\/{rel}","templated":true}]}}