{"id":1724,"date":"2023-05-24T08:26:00","date_gmt":"2023-05-24T08:26:00","guid":{"rendered":"https:\/\/www.edicionesplatea.com\/blog\/?p=1724"},"modified":"2025-03-04T16:51:51","modified_gmt":"2025-03-04T16:51:51","slug":"teddy-suhren-as-de-ases-memorias-de-un-capitan-rebelde-de-u-boot","status":"publish","type":"post","link":"https:\/\/www.edicionesplatea.com\/blog\/teddy-suhren-as-de-ases-memorias-de-un-capitan-rebelde-de-u-boot\/","title":{"rendered":"TEDDY SUHREN &#8211; AS DE ASES. Memorias de un capit\u00e1n rebelde de U-Boot"},"content":{"rendered":"\n<figure class=\"wp-block-image size-full is-resized\"><a href=\"https:\/\/www.edicionesplatea.com\/blog\/wp-content\/uploads\/2023\/10\/Teddy-Suhren-As-de-ases.png\"><img loading=\"lazy\" decoding=\"async\" width=\"577\" height=\"873\" src=\"https:\/\/www.edicionesplatea.com\/blog\/wp-content\/uploads\/2023\/10\/Teddy-Suhren-As-de-ases.png\" alt=\"\" class=\"wp-image-1725\" style=\"aspect-ratio:0.6609392898052692;width:365px;height:auto\" srcset=\"https:\/\/www.edicionesplatea.com\/blog\/wp-content\/uploads\/2023\/10\/Teddy-Suhren-As-de-ases.png 577w, https:\/\/www.edicionesplatea.com\/blog\/wp-content\/uploads\/2023\/10\/Teddy-Suhren-As-de-ases-198x300.png 198w\" sizes=\"auto, (max-width: 577px) 100vw, 577px\" \/><\/a><\/figure>\n\n\n\n<p>Reinhard \u00abTeddy\u00bb Suhren efectu\u00f3 m\u00e1s lanzamientos exitosos de torpedos que cualquier otro submarinista durante la guerra y fue el primer oficial de guardia (1WO) en recibir la Cruz de Caballero por sus logros. En total, como primer oficial y comandante se le atribuye el hundimiento de casi 300.000 toneladas de barcos aliados (m\u00e1s otras 30.000 toneladas de buques da\u00f1ados). Sin embargo, no es solo \u00e9sta la raz\u00f3n por la que Teddy sigue siendo una leyenda en el mundo de los U-Boote. Adem\u00e1s de ser recordado cari\u00f1osamente por su buen humor y sus cualidades para el liderazgo, fue tambi\u00e9n un rebelde por naturaleza y se vio metido con frecuencia en problemas con las autoridades superiores.<\/p>\n\n\n\n<p>Tambi\u00e9n fue uno de los primeros en publicar sus memorias, un relato que, al igual que \u00e9l, es t\u00edpicamente directo y poco convencional. Teddy falleci\u00f3 en 1984, pero el inter\u00e9s por su carrera se vio revitalizado con el descubrimiento de un \u00e1lbum de fotograf\u00edas que documentaban una de sus patrullas de guerra en el U-564, publicadas con gran \u00e9xito en 2004 con el nombre de U-Boat War Patrol por Lawrence Paterson. El inter\u00e9s suscitado por el proyecto llev\u00f3 a la traducci\u00f3n y publicaci\u00f3n en el exterior de estas memorias de Teddy Suhren.<\/p>\n\n\n\n<p><strong><a href=\"https:\/\/edicionessalamina.com\/p\/teddy-suhren-as-de-ases\">QUIERO EL LIBRO<\/a><\/strong><\/p>\n\n\n\n<p>Adem\u00e1s, te llevas de<strong> REGALO<\/strong> una magn\u00edfica r\u00e9plica de una carta original de la <em>Kriegsmarine<\/em> gigante (60&#215;42 cm) a todo color de todo el Atl\u00e1ntico con sus cuadr\u00edculas como los que usaban los comandantes de los <em>U-Boote<\/em> por una cara, y una r\u00e9plica de una aut\u00e9ntica carta de navegaci\u00f3n de las que se llevaban a bordo de los submarinos de la <em>Kriegsmarine<\/em> del peligroso paso del Estrecho de Gibraltar por la otra.<\/p>\n\n\n\n<figure class=\"wp-block-image size-full is-resized\"><a href=\"https:\/\/www.edicionesplatea.com\/blog\/wp-content\/uploads\/2023\/05\/imagen.png\"><img loading=\"lazy\" decoding=\"async\" width=\"720\" height=\"419\" src=\"https:\/\/www.edicionesplatea.com\/blog\/wp-content\/uploads\/2023\/05\/imagen.png\" alt=\"\" class=\"wp-image-2722\" style=\"width:459px;height:auto\" srcset=\"https:\/\/www.edicionesplatea.com\/blog\/wp-content\/uploads\/2023\/05\/imagen.png 720w, https:\/\/www.edicionesplatea.com\/blog\/wp-content\/uploads\/2023\/05\/imagen-300x175.png 300w\" sizes=\"auto, (max-width: 720px) 100vw, 720px\" \/><\/a><\/figure>\n","protected":false},"excerpt":{"rendered":"<p>Reinhard \u00abTeddy\u00bb Suhren efectu\u00f3 m\u00e1s lanzamientos exitosos de torpedos que cualquier otro submarinista durante la guerra y fue el primer oficial de guardia (1WO) en recibir la Cruz de Caballero por sus logros. En total, como primer oficial y comandante &hellip; <a href=\"https:\/\/www.edicionesplatea.com\/blog\/teddy-suhren-as-de-ases-memorias-de-un-capitan-rebelde-de-u-boot\/\">Sigue leyendo <span class=\"meta-nav\">&rarr;<\/span><\/a><\/p>\n","protected":false},"author":2,"featured_media":0,"comment_status":"open","ping_status":"open","sticky":false,"template":"","format":"standard","meta":{"footnotes":""},"categories":[714],"tags":[715,559,562],"class_list":["post-1724","post","type-post","status-publish","format-standard","hentry","category-teddy-suhren-as-de-ases","tag-guerra-submarina","tag-u-boot","tag-u-boote"],"_links":{"self":[{"href":"https:\/\/www.edicionesplatea.com\/blog\/wp-json\/wp\/v2\/posts\/1724","targetHints":{"allow":["GET"]}}],"collection":[{"href":"https:\/\/www.edicionesplatea.com\/blog\/wp-json\/wp\/v2\/posts"}],"about":[{"href":"https:\/\/www.edicionesplatea.com\/blog\/wp-json\/wp\/v2\/types\/post"}],"author":[{"embeddable":true,"href":"https:\/\/www.edicionesplatea.com\/blog\/wp-json\/wp\/v2\/users\/2"}],"replies":[{"embeddable":true,"href":"https:\/\/www.edicionesplatea.com\/blog\/wp-json\/wp\/v2\/comments?post=1724"}],"version-history":[{"count":3,"href":"https:\/\/www.edicionesplatea.com\/blog\/wp-json\/wp\/v2\/posts\/1724\/revisions"}],"predecessor-version":[{"id":2724,"href":"https:\/\/www.edicionesplatea.com\/blog\/wp-json\/wp\/v2\/posts\/1724\/revisions\/2724"}],"wp:attachment":[{"href":"https:\/\/www.edicionesplatea.com\/blog\/wp-json\/wp\/v2\/media?parent=1724"}],"wp:term":[{"taxonomy":"category","embeddable":true,"href":"https:\/\/www.edicionesplatea.com\/blog\/wp-json\/wp\/v2\/categories?post=1724"},{"taxonomy":"post_tag","embeddable":true,"href":"https:\/\/www.edicionesplatea.com\/blog\/wp-json\/wp\/v2\/tags?post=1724"}],"curies":[{"name":"wp","href":"https:\/\/api.w.org\/{rel}","templated":true}]}}