{"id":1721,"date":"2023-05-23T22:40:00","date_gmt":"2023-05-23T22:40:00","guid":{"rendered":"https:\/\/www.edicionesplatea.com\/blog\/?p=1721"},"modified":"2025-03-04T16:49:15","modified_gmt":"2025-03-04T16:49:15","slug":"el-general-schmidt-los-generales-panzer-david-stahel","status":"publish","type":"post","link":"https:\/\/www.edicionesplatea.com\/blog\/el-general-schmidt-los-generales-panzer-david-stahel\/","title":{"rendered":"El general Schmidt. Los generales panzer. David Stahel"},"content":{"rendered":"\n<figure class=\"wp-block-image size-large is-resized\"><a href=\"https:\/\/www.edicionesplatea.com\/blog\/wp-content\/uploads\/2023\/10\/Los-generales-panzer-David-Stahel-Salamina-Schmidt.jpg\"><img loading=\"lazy\" decoding=\"async\" width=\"745\" height=\"1024\" src=\"https:\/\/www.edicionesplatea.com\/blog\/wp-content\/uploads\/2023\/10\/Los-generales-panzer-David-Stahel-Salamina-Schmidt-745x1024.jpg\" alt=\"\" class=\"wp-image-1722\" style=\"aspect-ratio:0.7275390625;width:408px;height:auto\" srcset=\"https:\/\/www.edicionesplatea.com\/blog\/wp-content\/uploads\/2023\/10\/Los-generales-panzer-David-Stahel-Salamina-Schmidt-745x1024.jpg 745w, https:\/\/www.edicionesplatea.com\/blog\/wp-content\/uploads\/2023\/10\/Los-generales-panzer-David-Stahel-Salamina-Schmidt-218x300.jpg 218w, https:\/\/www.edicionesplatea.com\/blog\/wp-content\/uploads\/2023\/10\/Los-generales-panzer-David-Stahel-Salamina-Schmidt-768x1056.jpg 768w, https:\/\/www.edicionesplatea.com\/blog\/wp-content\/uploads\/2023\/10\/Los-generales-panzer-David-Stahel-Salamina-Schmidt-1117x1536.jpg 1117w, https:\/\/www.edicionesplatea.com\/blog\/wp-content\/uploads\/2023\/10\/Los-generales-panzer-David-Stahel-Salamina-Schmidt.jpg 1370w\" sizes=\"auto, (max-width: 745px) 100vw, 745px\" \/><\/a><\/figure>\n\n\n\n<p>La campa\u00f1a de oto\u00f1o de Schmidt para tomar Tikhvin hab\u00eda puesto sus nervios a flor de piel y parec\u00eda aceptar de buena gana su nuevo mando del Segundo Ej\u00e9rcito, no solo porque constitu\u00eda un ascenso, viniendo del mando de un cuerpo de ej\u00e9rcito, sino por la relativa paz que le proporcionaba. Un d\u00eda despu\u00e9s de asumir su nuevo cargo en Orel, Schmidt escribi\u00f3 a Fridel: \u00abHay mucho menos que hacer que con el cuerpo [XXXIX Cuerpo Motorizado]\u00bb. Sin saberlo, Schmidt hab\u00eda <a><\/a>pasado, en realidad, de la sart\u00e9n al fuego.<\/p>\n\n\n\n<p>La crisis que asol\u00f3 al Segundo Ej\u00e9rcito superar\u00eda cualquier cosa que Schmidt hubiese experimentado con anterioridad. El 13 de diciembre, con sus divisiones en plena retirada, Schmidt enumer\u00f3 algunos de los problemas irresolubles a los que se enfrentaba: \u00abtormenta de nieve, hielo negro, dificultades de aprovisionamiento, sin reservas\u00bb. Como resultado, sus nervios volv\u00edan a estar de nuevo al l\u00edmite y escribi\u00f3 a Fridel, \u00abdebido a esta crisis estoy ocupado d\u00eda y noche. Nunca me hab\u00eda ido tan mal\u00bb. El 24 de diciembre la situaci\u00f3n se hab\u00eda deteriorado a\u00fan m\u00e1s y Schmidt admiti\u00f3: \u00abA menudo me siento totalmente abatido por todo el sufrimiento [&#8230;] pero no puedo cambiarlo\u00bb. Es posible que esta impotencia afectase especialmente a los comandantes panzer, ya que la singularidad de su entrenamiento, recursos y experiencia siempre hab\u00edan hecho hincapi\u00e9 en dominar al enemigo y dictar los t\u00e9rminos de la acci\u00f3n. No estaban acostumbrados a la falta de control y libertad de maniobra, lo que, dadas las circunstancias, amplific\u00f3 enormemente el sufrimiento de sus hombres.<\/p>\n\n\n\n<p><strong><a href=\"https:\/\/edicionessalamina.com\/p\/los-generales-panzer-de-hitler-david-stahel\">QUIERO EL LIBRO<\/a><\/strong><\/p>\n\n\n\n<p>Y si perteneces al Club Salamina de <strong>REGALO<\/strong> tambi\u00e9n el decimotercer n\u00famero de nuestra colecci\u00f3n exclusiva del BOLET\u00cdN SALAMINA: La 7.\u00aa Divisi\u00f3n Panzer en Francia, la divisi\u00f3n fantasma de Rommel. Si no eres miembro de nuestro Club puedes REGISTRARTE durante le proceso de compra.<\/p>\n\n\n\n<figure class=\"wp-block-image size-full is-resized\"><a href=\"https:\/\/www.edicionesplatea.com\/blog\/wp-content\/uploads\/2023\/10\/imagen.png\"><img loading=\"lazy\" decoding=\"async\" width=\"500\" height=\"728\" src=\"https:\/\/www.edicionesplatea.com\/blog\/wp-content\/uploads\/2023\/10\/imagen.png\" alt=\"\" class=\"wp-image-1698\" style=\"width:247px;height:auto\" srcset=\"https:\/\/www.edicionesplatea.com\/blog\/wp-content\/uploads\/2023\/10\/imagen.png 500w, https:\/\/www.edicionesplatea.com\/blog\/wp-content\/uploads\/2023\/10\/imagen-206x300.png 206w\" sizes=\"auto, (max-width: 500px) 100vw, 500px\" \/><\/a><\/figure>\n","protected":false},"excerpt":{"rendered":"<p>La campa\u00f1a de oto\u00f1o de Schmidt para tomar Tikhvin hab\u00eda puesto sus nervios a flor de piel y parec\u00eda aceptar de buena gana su nuevo mando del Segundo Ej\u00e9rcito, no solo porque constitu\u00eda un ascenso, viniendo del mando de un &hellip; <a href=\"https:\/\/www.edicionesplatea.com\/blog\/el-general-schmidt-los-generales-panzer-david-stahel\/\">Sigue leyendo <span class=\"meta-nav\">&rarr;<\/span><\/a><\/p>\n","protected":false},"author":2,"featured_media":0,"comment_status":"open","ping_status":"open","sticky":false,"template":"","format":"standard","meta":{"footnotes":""},"categories":[708],"tags":[709,713,450],"class_list":["post-1721","post","type-post","status-publish","format-standard","hentry","category-los-generales-panzer-de-hitler-al-descubierto","tag-generales-panzer","tag-schmidt","tag-wehrmacht"],"_links":{"self":[{"href":"https:\/\/www.edicionesplatea.com\/blog\/wp-json\/wp\/v2\/posts\/1721","targetHints":{"allow":["GET"]}}],"collection":[{"href":"https:\/\/www.edicionesplatea.com\/blog\/wp-json\/wp\/v2\/posts"}],"about":[{"href":"https:\/\/www.edicionesplatea.com\/blog\/wp-json\/wp\/v2\/types\/post"}],"author":[{"embeddable":true,"href":"https:\/\/www.edicionesplatea.com\/blog\/wp-json\/wp\/v2\/users\/2"}],"replies":[{"embeddable":true,"href":"https:\/\/www.edicionesplatea.com\/blog\/wp-json\/wp\/v2\/comments?post=1721"}],"version-history":[{"count":2,"href":"https:\/\/www.edicionesplatea.com\/blog\/wp-json\/wp\/v2\/posts\/1721\/revisions"}],"predecessor-version":[{"id":2719,"href":"https:\/\/www.edicionesplatea.com\/blog\/wp-json\/wp\/v2\/posts\/1721\/revisions\/2719"}],"wp:attachment":[{"href":"https:\/\/www.edicionesplatea.com\/blog\/wp-json\/wp\/v2\/media?parent=1721"}],"wp:term":[{"taxonomy":"category","embeddable":true,"href":"https:\/\/www.edicionesplatea.com\/blog\/wp-json\/wp\/v2\/categories?post=1721"},{"taxonomy":"post_tag","embeddable":true,"href":"https:\/\/www.edicionesplatea.com\/blog\/wp-json\/wp\/v2\/tags?post=1721"}],"curies":[{"name":"wp","href":"https:\/\/api.w.org\/{rel}","templated":true}]}}