{"id":1686,"date":"2023-03-16T14:33:00","date_gmt":"2023-03-16T14:33:00","guid":{"rendered":"https:\/\/www.edicionesplatea.com\/blog\/?p=1686"},"modified":"2025-02-27T08:52:02","modified_gmt":"2025-02-27T08:52:02","slug":"ruptura-de-francia-perspectivas-historicas-del-arte-operacional","status":"publish","type":"post","link":"https:\/\/www.edicionesplatea.com\/blog\/ruptura-de-francia-perspectivas-historicas-del-arte-operacional\/","title":{"rendered":"Ruptura de Francia. Perspectivas hist\u00f3ricas del arte operacional"},"content":{"rendered":"<div class=\"wp-block-image\">\n<figure class=\"aligncenter size-full\"><a href=\"https:\/\/www.edicionesplatea.com\/blog\/wp-content\/uploads\/2023\/10\/Arte-Operacional-Salamina-Francia-1940.jpg\"><img loading=\"lazy\" decoding=\"async\" width=\"404\" height=\"499\" src=\"https:\/\/www.edicionesplatea.com\/blog\/wp-content\/uploads\/2023\/10\/Arte-Operacional-Salamina-Francia-1940.jpg\" alt=\"\" class=\"wp-image-1687\" srcset=\"https:\/\/www.edicionesplatea.com\/blog\/wp-content\/uploads\/2023\/10\/Arte-Operacional-Salamina-Francia-1940.jpg 404w, https:\/\/www.edicionesplatea.com\/blog\/wp-content\/uploads\/2023\/10\/Arte-Operacional-Salamina-Francia-1940-243x300.jpg 243w\" sizes=\"auto, (max-width: 404px) 100vw, 404px\" \/><\/a><\/figure>\n<\/div>\n\n\n<p>En la Primera Guerra Mundial, los alemanes trataron de realizar, en vano, una penetraci\u00f3n en el frente franc\u00e9s durante cuatro a\u00f1os. En mayo de 1940 lo lograron despu\u00e9s de apenas cuatro d\u00edas. El Grupo Panzer Kleist consigui\u00f3 la penetraci\u00f3n decisiva en los alrededores de Sed\u00e1n. Su papel en la Operaci\u00f3n Sichelschnitt (Corte de Hoz) puede ilustrarse con el c\u00e9lebre s\u00edmil taurino de Liddell Hart. <\/p>\n\n\n\n<p>Suger\u00eda que el Grupo de Ej\u00e9rcitos B, en el norte, representaba la muleta del torero, con la que se pretend\u00eda provocar a las tropas expedicionarias aliadas para que se adentrasen en B\u00e9lgica con la misma arrancada de un toro \u2013directas al interior de la trampa. El Grupo de Ej\u00e9rcitos A atacar\u00eda el flanco desprotegido como un estoque, cuya punta era el Grupo Panzer Kleist.<\/p>\n\n\n\n<p><strong><a href=\"https:\/\/edicionessalamina.com\/p\/perspectivas-historicas-del-arte-operacional\">QUIERO EL LIBRO<\/a><\/strong><\/p>\n\n\n\n<p>Adem\u00e1s, con la compra de este libro, si perteneces al Club Salamina te llevas de regalo el noveno n\u00famero de nuestra exclusiva colecci\u00f3n BOLET\u00cdN SALAMINA.<\/p>\n\n\n\n<figure class=\"wp-block-image size-full is-resized\"><a href=\"https:\/\/www.edicionesplatea.com\/blog\/wp-content\/uploads\/2022\/03\/imagen.png\"><img loading=\"lazy\" decoding=\"async\" width=\"663\" height=\"970\" src=\"https:\/\/www.edicionesplatea.com\/blog\/wp-content\/uploads\/2022\/03\/imagen.png\" alt=\"\" class=\"wp-image-2633\" style=\"width:244px;height:auto\" srcset=\"https:\/\/www.edicionesplatea.com\/blog\/wp-content\/uploads\/2022\/03\/imagen.png 663w, https:\/\/www.edicionesplatea.com\/blog\/wp-content\/uploads\/2022\/03\/imagen-205x300.png 205w\" sizes=\"auto, (max-width: 663px) 100vw, 663px\" \/><\/a><\/figure>\n","protected":false},"excerpt":{"rendered":"<p>En la Primera Guerra Mundial, los alemanes trataron de realizar, en vano, una penetraci\u00f3n en el frente franc\u00e9s durante cuatro a\u00f1os. En mayo de 1940 lo lograron despu\u00e9s de apenas cuatro d\u00edas. El Grupo Panzer Kleist consigui\u00f3 la penetraci\u00f3n decisiva &hellip; <a href=\"https:\/\/www.edicionesplatea.com\/blog\/ruptura-de-francia-perspectivas-historicas-del-arte-operacional\/\">Sigue leyendo <span class=\"meta-nav\">&rarr;<\/span><\/a><\/p>\n","protected":false},"author":2,"featured_media":0,"comment_status":"open","ping_status":"open","sticky":false,"template":"","format":"standard","meta":{"footnotes":""},"categories":[616],"tags":[364,38],"class_list":["post-1686","post","type-post","status-publish","format-standard","hentry","category-perspectivas-historicas-del-arte-operacional","tag-arte-operacional","tag-francia-1940"],"_links":{"self":[{"href":"https:\/\/www.edicionesplatea.com\/blog\/wp-json\/wp\/v2\/posts\/1686","targetHints":{"allow":["GET"]}}],"collection":[{"href":"https:\/\/www.edicionesplatea.com\/blog\/wp-json\/wp\/v2\/posts"}],"about":[{"href":"https:\/\/www.edicionesplatea.com\/blog\/wp-json\/wp\/v2\/types\/post"}],"author":[{"embeddable":true,"href":"https:\/\/www.edicionesplatea.com\/blog\/wp-json\/wp\/v2\/users\/2"}],"replies":[{"embeddable":true,"href":"https:\/\/www.edicionesplatea.com\/blog\/wp-json\/wp\/v2\/comments?post=1686"}],"version-history":[{"count":2,"href":"https:\/\/www.edicionesplatea.com\/blog\/wp-json\/wp\/v2\/posts\/1686\/revisions"}],"predecessor-version":[{"id":2638,"href":"https:\/\/www.edicionesplatea.com\/blog\/wp-json\/wp\/v2\/posts\/1686\/revisions\/2638"}],"wp:attachment":[{"href":"https:\/\/www.edicionesplatea.com\/blog\/wp-json\/wp\/v2\/media?parent=1686"}],"wp:term":[{"taxonomy":"category","embeddable":true,"href":"https:\/\/www.edicionesplatea.com\/blog\/wp-json\/wp\/v2\/categories?post=1686"},{"taxonomy":"post_tag","embeddable":true,"href":"https:\/\/www.edicionesplatea.com\/blog\/wp-json\/wp\/v2\/tags?post=1686"}],"curies":[{"name":"wp","href":"https:\/\/api.w.org\/{rel}","templated":true}]}}