{"id":1575,"date":"2022-06-06T15:29:19","date_gmt":"2022-06-06T15:29:19","guid":{"rendered":"https:\/\/www.edicionesplatea.com\/blog\/?p=1575"},"modified":"2025-03-04T22:34:15","modified_gmt":"2025-03-04T22:34:15","slug":"el-segundo-dia-de-la-ofensiva-operacion-barbarroja-david-stahel","status":"publish","type":"post","link":"https:\/\/www.edicionesplatea.com\/blog\/el-segundo-dia-de-la-ofensiva-operacion-barbarroja-david-stahel\/","title":{"rendered":"El segundo d\u00eda de la ofensiva &#8211; Operaci\u00f3n Barbarroja. David Stahel"},"content":{"rendered":"\n<p>El segundo d\u00eda de la ofensiva, Halder proclam\u00f3 que las operaciones del Grupo de Ej\u00e9rcitos Centro proced\u00edan \u00abseg\u00fan el plan\u00bb y habl\u00f3 de lograr pronto \u00abuna libertad operacional completa\u00bb detr\u00e1s del maltrecho frente sovi\u00e9tico. Ese mismo d\u00eda, en respuesta a la estimaci\u00f3n de Paulus de que la campa\u00f1a ser\u00eda de corta duraci\u00f3n, parece que Brauchitsch le respondi\u00f3: \u00abS\u00ed, Paulus, puede que tengas raz\u00f3n, es probable que necesitemos seis u ocho semanas para acabar con Rusia\u00bb. En contraste con sus superiores, la impresi\u00f3n del mariscal de campo Bock era mucho m\u00e1s cauta. <\/p>\n\n\n<div class=\"wp-block-image is-resized\">\n<figure class=\"aligncenter size-full\"><a href=\"https:\/\/www.edicionesplatea.com\/blog\/wp-content\/uploads\/2022\/06\/Operacion-Barbarroja-David-Stahel-Salamina-ofensiva.jpg\"><img loading=\"lazy\" decoding=\"async\" width=\"837\" height=\"458\" src=\"https:\/\/www.edicionesplatea.com\/blog\/wp-content\/uploads\/2022\/06\/Operacion-Barbarroja-David-Stahel-Salamina-ofensiva.jpg\" alt=\"\" class=\"wp-image-1576\" srcset=\"https:\/\/www.edicionesplatea.com\/blog\/wp-content\/uploads\/2022\/06\/Operacion-Barbarroja-David-Stahel-Salamina-ofensiva.jpg 837w, https:\/\/www.edicionesplatea.com\/blog\/wp-content\/uploads\/2022\/06\/Operacion-Barbarroja-David-Stahel-Salamina-ofensiva-300x164.jpg 300w, https:\/\/www.edicionesplatea.com\/blog\/wp-content\/uploads\/2022\/06\/Operacion-Barbarroja-David-Stahel-Salamina-ofensiva-768x420.jpg 768w\" sizes=\"auto, (max-width: 837px) 100vw, 837px\" \/><\/a><figcaption class=\"wp-element-caption\"><strong>Operaci\u00f3n Barbarroja<\/strong>, David Stahel<\/figcaption><\/figure>\n<\/div>\n\n\n<p>Reflejaba en su diario la tenaz resistencia de los defensores sovi\u00e9ticos, apremiada por comisarios pol\u00edticos que empujaban a sus hombres a \u00abla m\u00e1xima resistencia. Tambi\u00e9n observ\u00f3 con cierta intranquilidad que el estado de las carreteras era \u00abindescriptible\u00bb. Y lo que era m\u00e1s preocupante a\u00fan, Bock volv\u00eda a cuestionarse de nuevo la solidez del plan operacional, previendo que el cierre de una bolsa en Minsk no conllevar\u00eda muy probablemente el logro de un \u00e9xito decisivo. En opini\u00f3n de Bock, un ataque directo del grupo panzer de Bock en direcci\u00f3n a V\u00edtebsk \u2013 Polotsk ahorrar\u00eda tiempo y evitar\u00eda que se concentrase una fuerza sovi\u00e9tica organizada en la margen oriental de los grandes r\u00edos. Como se\u00f1alaba Bock:<\/p>\n\n\n\n<p>\u00abTemo que el enemigo haya retirado ya poderosos elementos de aqu\u00ed [Minsk]. Al girar al grupo panzer hacia Minsk se perder\u00e1 tiempo, tiempo que el enemigo puede utilizar para crear una nueva l\u00ednea defensiva detr\u00e1s de los r\u00edos Dvina y Dni\u00e9per\u00bb.<\/p>\n\n\n\n<p>Al no lograr convencer a Halder de sus temores, Bock trat\u00f3 de persuadir a Brauchitsch, del que recibi\u00f3 un rechazo similar. Solo era el segundo d\u00eda de la campa\u00f1a y, lejos de ganar la libertad operacional detr\u00e1s de las l\u00edneas sovi\u00e9ticas, como pensaba Halder, Bock estaba ya convencido de que se requerir\u00eda una penetraci\u00f3n lo m\u00e1s profunda posible para aislar a la gran masa del Ej\u00e9rcito Rojo y evitar el levantamiento de una nueva l\u00ednea defensiva. La ansiedad de Bock se ver\u00eda incrementada por un informe del Cuarto Ej\u00e9rcito enviado al OKH que, seg\u00fan Halder, caracterizaba el panorama general: \u00abEl enemigo en el saliente de Bolostok no lucha por su vida, sino para ganar tiempo\u00bb.<\/p>\n\n\n\n<p>Entre tanto, el XXXXVII Cuerpo Panzer empezaba ya a informar de escasez de combustible entre sus elementos m\u00e1s avanzados&#8230;<\/p>\n\n\n\n<p><strong><a href=\"https:\/\/edicionessalamina.com\/p\/operacion-barbarroja-david-stahel\">QUIERO EL LIBRO<\/a><\/strong><\/p>\n\n\n\n<p>Adem\u00e1s, si est\u00e1s suscrito y eres miembro del Club Salamina, te llevas de REGALO ta<strong>mbi\u00e9n<\/strong> el d\u00e9cimo n\u00famero de nuestra colecci\u00f3n exclusiva <strong>Bolet\u00edn Salamina: Fall Barbarossa, <\/strong>la directiva N\u00ba 21 y el despliegue de los tres grupos de ej\u00e9rcitos el 21 de junio de 1941<strong>.&nbsp; <\/strong><\/p>\n\n\n\n<figure class=\"wp-block-image size-full is-resized\"><a href=\"https:\/\/www.edicionesplatea.com\/blog\/wp-content\/uploads\/2022\/05\/imagen.png\"><img loading=\"lazy\" decoding=\"async\" width=\"350\" height=\"521\" src=\"https:\/\/www.edicionesplatea.com\/blog\/wp-content\/uploads\/2022\/05\/imagen.png\" alt=\"\" class=\"wp-image-2649\" style=\"width:216px;height:auto\" srcset=\"https:\/\/www.edicionesplatea.com\/blog\/wp-content\/uploads\/2022\/05\/imagen.png 350w, https:\/\/www.edicionesplatea.com\/blog\/wp-content\/uploads\/2022\/05\/imagen-202x300.png 202w\" sizes=\"auto, (max-width: 350px) 100vw, 350px\" \/><\/a><\/figure>\n\n\n\n<p>\u00bfTe falta alg\u00fan volumen de la pentalog\u00eda?. Ahora tienes el resto de la colecci\u00f3n de David Stahel con un 5% de descuento en el <strong><a href=\"https:\/\/edicionessalamina.com\/p\/pentalogia-de-la-operacion-barbarroja-david-stahel\">PACK Pentalog\u00eda de la Operaci\u00f3n Barbarroja<\/a><\/strong>. Solo en nuestra tienda online.<\/p>\n\n\n\n<figure class=\"wp-block-image size-full is-resized\"><a href=\"https:\/\/www.edicionesplatea.com\/blog\/wp-content\/uploads\/2022\/05\/imagen-1.png\"><img loading=\"lazy\" decoding=\"async\" width=\"720\" height=\"598\" src=\"https:\/\/www.edicionesplatea.com\/blog\/wp-content\/uploads\/2022\/05\/imagen-1.png\" alt=\"\" class=\"wp-image-2651\" style=\"width:373px;height:auto\" srcset=\"https:\/\/www.edicionesplatea.com\/blog\/wp-content\/uploads\/2022\/05\/imagen-1.png 720w, https:\/\/www.edicionesplatea.com\/blog\/wp-content\/uploads\/2022\/05\/imagen-1-300x249.png 300w\" sizes=\"auto, (max-width: 720px) 100vw, 720px\" \/><\/a><\/figure>\n","protected":false},"excerpt":{"rendered":"<p>El segundo d\u00eda de la ofensiva, Halder proclam\u00f3 que las operaciones del Grupo de Ej\u00e9rcitos Centro proced\u00edan \u00abseg\u00fan el plan\u00bb y habl\u00f3 de lograr pronto \u00abuna libertad operacional completa\u00bb detr\u00e1s del maltrecho frente sovi\u00e9tico. Ese mismo d\u00eda, en respuesta a &hellip; <a href=\"https:\/\/www.edicionesplatea.com\/blog\/el-segundo-dia-de-la-ofensiva-operacion-barbarroja-david-stahel\/\">Sigue leyendo <span class=\"meta-nav\">&rarr;<\/span><\/a><\/p>\n","protected":false},"author":2,"featured_media":0,"comment_status":"open","ping_status":"open","sticky":false,"template":"","format":"standard","meta":{"footnotes":""},"categories":[639],"tags":[369,660,658,659],"class_list":["post-1575","post","type-post","status-publish","format-standard","hentry","category-operacion-barbarroja","tag-ejercito-rojo","tag-halder","tag-ofensiva","tag-paulus"],"_links":{"self":[{"href":"https:\/\/www.edicionesplatea.com\/blog\/wp-json\/wp\/v2\/posts\/1575","targetHints":{"allow":["GET"]}}],"collection":[{"href":"https:\/\/www.edicionesplatea.com\/blog\/wp-json\/wp\/v2\/posts"}],"about":[{"href":"https:\/\/www.edicionesplatea.com\/blog\/wp-json\/wp\/v2\/types\/post"}],"author":[{"embeddable":true,"href":"https:\/\/www.edicionesplatea.com\/blog\/wp-json\/wp\/v2\/users\/2"}],"replies":[{"embeddable":true,"href":"https:\/\/www.edicionesplatea.com\/blog\/wp-json\/wp\/v2\/comments?post=1575"}],"version-history":[{"count":3,"href":"https:\/\/www.edicionesplatea.com\/blog\/wp-json\/wp\/v2\/posts\/1575\/revisions"}],"predecessor-version":[{"id":2844,"href":"https:\/\/www.edicionesplatea.com\/blog\/wp-json\/wp\/v2\/posts\/1575\/revisions\/2844"}],"wp:attachment":[{"href":"https:\/\/www.edicionesplatea.com\/blog\/wp-json\/wp\/v2\/media?parent=1575"}],"wp:term":[{"taxonomy":"category","embeddable":true,"href":"https:\/\/www.edicionesplatea.com\/blog\/wp-json\/wp\/v2\/categories?post=1575"},{"taxonomy":"post_tag","embeddable":true,"href":"https:\/\/www.edicionesplatea.com\/blog\/wp-json\/wp\/v2\/tags?post=1575"}],"curies":[{"name":"wp","href":"https:\/\/api.w.org\/{rel}","templated":true}]}}