{"id":1570,"date":"2022-05-30T15:29:56","date_gmt":"2022-05-30T15:29:56","guid":{"rendered":"https:\/\/www.edicionesplatea.com\/blog\/?p=1570"},"modified":"2025-03-04T22:33:37","modified_gmt":"2025-03-04T22:33:37","slug":"felipe-ii-y-el-mito-de-la-armada-invencible-antonio-luis-gomez-beltran","status":"publish","type":"post","link":"https:\/\/www.edicionesplatea.com\/blog\/felipe-ii-y-el-mito-de-la-armada-invencible-antonio-luis-gomez-beltran\/","title":{"rendered":"Felipe II y el Mito de la Armada Invencible &#8211; Antonio Luis G\u00f3mez Beltr\u00e1n."},"content":{"rendered":"\n<p>\u00bfQu\u00e9 podemos contar sobre la Armada Invencible que no se haya dicho? \u00bfQui\u00e9n no conoce este desastre y derrota sin paliativos de las mesi\u00e1nicas ideas del todopoderoso Felipe II? Si acudimos a la bibliograf\u00eda hist\u00f3rica, donde los mayores \u00e9xitos de ventas corresponden a los \u00abhispanistas\u00bb, todo est\u00e1 dicho en las dos primeras l\u00edneas de esta introducci\u00f3n. Si buscamos en los libros de texto escolares espa\u00f1oles, estos nos indican, sobremanera, que en pol\u00edtica exterior se dirimi\u00f3 el conflicto con Inglaterra por el apoyo a los protestantes de los Pa\u00edses Bajos. Felipe II intent\u00f3 invadir este pa\u00eds con la Gran Armada, pero sus barcos naufragaron frente a las costas inglesas. En resumen: tres renglones de literatura.<\/p>\n\n\n\n<figure class=\"wp-block-image size-full\"><a href=\"https:\/\/www.edicionesplatea.com\/blog\/wp-content\/uploads\/2022\/05\/Felipe-II-y-el-mito-de-la-Armada-Invencible-AL-Gomez-Beltra\u0301n-Salamina-1.jpg\"><img loading=\"lazy\" decoding=\"async\" width=\"900\" height=\"656\" src=\"https:\/\/www.edicionesplatea.com\/blog\/wp-content\/uploads\/2022\/05\/Felipe-II-y-el-mito-de-la-Armada-Invencible-AL-Gomez-Beltra\u0301n-Salamina-1.jpg\" alt=\"\" class=\"wp-image-1572\" srcset=\"https:\/\/www.edicionesplatea.com\/blog\/wp-content\/uploads\/2022\/05\/Felipe-II-y-el-mito-de-la-Armada-Invencible-AL-Gomez-Beltra\u0301n-Salamina-1.jpg 900w, https:\/\/www.edicionesplatea.com\/blog\/wp-content\/uploads\/2022\/05\/Felipe-II-y-el-mito-de-la-Armada-Invencible-AL-Gomez-Beltra\u0301n-Salamina-1-300x219.jpg 300w, https:\/\/www.edicionesplatea.com\/blog\/wp-content\/uploads\/2022\/05\/Felipe-II-y-el-mito-de-la-Armada-Invencible-AL-Gomez-Beltra\u0301n-Salamina-1-768x560.jpg 768w\" sizes=\"auto, (max-width: 900px) 100vw, 900px\" \/><\/a><figcaption class=\"wp-element-caption\"><strong>Felipe II y el Mito de la Armada Invencible<\/strong>, AL G\u00f3mez Beltr\u00e1n<\/figcaption><\/figure>\n\n\n\n<p>Una Gran Flota formada por unas 180 naves, con galeones, naos, pinazas y nav\u00edos peque\u00f1os, llevando en sus entra\u00f1as unos 28.000 hombres, entre soldados y marineros, adoctrinados para la venganza y destrucci\u00f3n, part\u00eda en el a\u00f1o de 1589 de los puertos del sur de Inglaterra. Su destino, Santander. Su misi\u00f3n, arrasar la ciudad y destruir los restos de la Armada espa\u00f1ola que resta\u00f1aban sus heridas del a\u00f1o anterior en los astilleros. Despu\u00e9s, a Lisboa, para fomentar un pronunciamiento y rebeld\u00eda contra Felipe II y \u00absustituirlo\u00bb por Antonio, prior de Crato.<\/p>\n\n\n\n<p>Pero su jefe supremo, el almirante Drake, con la connivencia de su mando en tierra, el coronel Norris, decidi\u00f3 alterar el rumbo y se personaron frente a la bah\u00eda de La Coru\u00f1a. Ciudad amurallada defendida en su frente de mar por el castillo de San Ant\u00f3n, varios barcos de la Armada y por su frente de tierra unas cuantas compa\u00f1\u00edas de milicias y su poblaci\u00f3n: mujeres, hombres y ni\u00f1os. Desembarcaron, atacaron, entraron en la ciudad y fueron derrotados.<\/p>\n\n\n\n<p>Siguiente hito: Lisboa. Descienden en Peniche, al norte de la ciudad, y en un movimiento de pinza la flota inglesa bloquea el estuario del Tajo. Ahora s\u00ed, ahora se iban a enfrentar a compa\u00f1\u00edas de soldados veteranos y buques de la Armada real: las galeras. Resultado, reembarque a la desesperada, naves hundidas y apresadas por los barcos hispanos. Nueva y may\u00fascula derrota. Pero con esto no acaba la historia de esta Gran Flota; a su regreso una serie de temporales dar\u00eda cuenta de los supervivientes. En torno a 80 barcos perdidos en combate y naufragios y unas bajas cercanas a los 20.000 muertos.<\/p>\n\n\n\n<p>Esto tampoco est\u00e1 en los libros de texto, ni en los espa\u00f1oles ni en los ingleses. Las autoridades inglesas y su historiograf\u00eda oficial, desde los primeros momentos, se encargaron de ocultar los hechos, acci\u00f3n suficiente sin tener que tergiversarlos para que queden en la m\u00e1s absoluta oscuridad. Si bien a otros se les dio p\u00e1bulo, hasta el punto de interiorizarse y hacerlos como propios, y me refiero a la asunci\u00f3n durante m\u00e1s de un siglo por la historiograf\u00eda hispana de la llamada \u00abArmada Invencible\u00bb.<\/p>\n\n\n\n<p>Con unas p\u00e9rdidas de m\u00e1s de 65 barcos y unos 20.000 fallecidos, descansa como un hecho hist\u00f3rico del reflejo de la sinraz\u00f3n de un rey, Felipe II, que por seguir a su conciencia cat\u00f3lica lleva a su pa\u00eds a una guerra por el solo hecho de cambiar la Corona inglesa y hacerla entrar en el redil del \u00abpapado\u00bb. El adalid de la cristiandad en defensa de la verdad y la fe cat\u00f3lica.<\/p>\n\n\n\n<p>Si bien hay que reconocer que en los \u00faltimos a\u00f1os estos estados de opini\u00f3n han dado un vuelco importante, al menos en cierto sector de investigaci\u00f3n hist\u00f3rica, cuyas nuevas manifestaciones quedan a la espera de que se inculquen en el mundo acad\u00e9mico y en la historiograf\u00eda divulgativa. El I Congreso Internacional La Armada Espa\u00f1ola de 1588 y La Contra Armada Inglesa de 1589, celebrado en la ciudad de Cartagena en el a\u00f1o 2019, aport\u00f3 un importante n\u00famero de trabajos de investigaci\u00f3n en calidad y contenido que avalan esos cambios de opini\u00f3n, algo que ya hab\u00eda comenzado en el siglo pasado al celebrarse el cuatrocientos aniversario con la publicaci\u00f3n del mayor \u00abcorpus documental\u00bb sobre la materia, editado por el Instituto de Historia y Cultura Naval. En ambos casos, lamentablemente, de escasa divulgaci\u00f3n y repercusi\u00f3n a tenor de lo que se sigue publicando en medios de difusi\u00f3n en masa.<\/p>\n\n\n\n<p>No obstante ha habido algunos hechos significativos que inducen a pensar que en el porvenir se abrir\u00e1 una nueva era propia de conocimiento y opini\u00f3n sobre el asunto. Dos ejemplos de esto ser\u00edan, por un lado el trabajo del historiador Luis Gorrochategui Santos con la reedici\u00f3n de su obra de investigaci\u00f3n \u00abLa Contra Armada. La mayor victoria de Espa\u00f1a sobre Inglaterra\u00bb, y de otro el art\u00edculo \u00ab\u00bfDe d\u00f3nde viene \u201cArmada Invencible\u201d? El origen de un nombre\u00bb del divulgador Pedro Luis Chinchilla.<\/p>\n\n\n\n<p>La excesiva subordinaci\u00f3n cultural a la que ha sido, y est\u00e1, sometida la sociedad espa\u00f1ola, tanto en sus bases como en sus \u00e9lites, proveniente de sus anta\u00f1o enemigos seculares (franceses, ingleses, holandeses, etc.) ha ayudado a crear una percepci\u00f3n negativa de lo acontecido en el pasado por los dirigentes de la \u00e9poca, en especial en la dinast\u00eda de los Austrias, hasta el punto que la denominaci\u00f3n de Armada Invencible fue un invento espa\u00f1ol del XIX y no ignominiosa calificaci\u00f3n inglesa del XVI.<\/p>\n\n\n\n<p>Entre muchos mitos y leyendas, que tienden a ensombrecer el pasado de lo espa\u00f1ol en un intento de decapitar su derecho a sentirse arraigado con conciencia de su historia (al objeto de que se pierda su identidad como pueblo\/naci\u00f3n), est\u00e1n los sucesos desarrollados en 1588 en el \u00e1mbito de la guerra anglo-espa\u00f1ola de 1585 a 1604, que a la postre ser\u00eda una victoria espa\u00f1ola. Independiente de su resultado final, lo que subyace es la mesi\u00e1nica obsesi\u00f3n de Felipe II por reinstaurar la fe cat\u00f3lica en el reino ingl\u00e9s, su pobreza intelectual al designar al duque de Medina Sidonia, un hombre que se \u00abmareaba\u00bb sobre la cubierta de un barco, y dise\u00f1ar un plan estrat\u00e9gico que ser\u00eda un tr\u00e1gico resultado de su mala gesti\u00f3n, y todo ello bajo la delirante estrella de un pirata, Francis Drake, que le hizo modificar todo cuanto planific\u00f3 con destino a la derrota hist\u00f3rica m\u00e1s encumbrada por la historiograf\u00eda inglesa y lamentablemente asumida por el complejo de ser hispano.<\/p>\n\n\n\n<p>En las p\u00e1ginas que siguen a este pre\u00e1mbulo, estimado lector, si usted no abandona y llega al final, entrar\u00e1 en conocimiento de hechos que le podr\u00e1n hacer cambiar de un estado de opini\u00f3n arraigado a una opini\u00f3n fundamentada de que las cosas pueden tener otros puntos de vista m\u00e1s razonables.<\/p>\n\n\n\n<p><strong><a href=\"https:\/\/edicionessalamina.com\/p\/felipe-ii-y-el-mito-de-la-armada-invencible-antonio-luis-gomez-beltran\">QUIERO EL LIBRO<\/a><\/strong><\/p>\n","protected":false},"excerpt":{"rendered":"<p>\u00bfQu\u00e9 podemos contar sobre la Armada Invencible que no se haya dicho? \u00bfQui\u00e9n no conoce este desastre y derrota sin paliativos de las mesi\u00e1nicas ideas del todopoderoso Felipe II? Si acudimos a la bibliograf\u00eda hist\u00f3rica, donde los mayores \u00e9xitos de &hellip; <a href=\"https:\/\/www.edicionesplatea.com\/blog\/felipe-ii-y-el-mito-de-la-armada-invencible-antonio-luis-gomez-beltran\/\">Sigue leyendo <span class=\"meta-nav\">&rarr;<\/span><\/a><\/p>\n","protected":false},"author":2,"featured_media":0,"comment_status":"open","ping_status":"open","sticky":false,"template":"","format":"standard","meta":{"footnotes":""},"categories":[652],"tags":[278,657,655,653,656,654],"class_list":["post-1570","post","type-post","status-publish","format-standard","hentry","category-felipe-ii-y-el-mito-de-la-armada-invencible","tag-bazan","tag-drake","tag-felipe-ii","tag-gran-armada","tag-invencible","tag-medina-sidonia"],"_links":{"self":[{"href":"https:\/\/www.edicionesplatea.com\/blog\/wp-json\/wp\/v2\/posts\/1570","targetHints":{"allow":["GET"]}}],"collection":[{"href":"https:\/\/www.edicionesplatea.com\/blog\/wp-json\/wp\/v2\/posts"}],"about":[{"href":"https:\/\/www.edicionesplatea.com\/blog\/wp-json\/wp\/v2\/types\/post"}],"author":[{"embeddable":true,"href":"https:\/\/www.edicionesplatea.com\/blog\/wp-json\/wp\/v2\/users\/2"}],"replies":[{"embeddable":true,"href":"https:\/\/www.edicionesplatea.com\/blog\/wp-json\/wp\/v2\/comments?post=1570"}],"version-history":[{"count":3,"href":"https:\/\/www.edicionesplatea.com\/blog\/wp-json\/wp\/v2\/posts\/1570\/revisions"}],"predecessor-version":[{"id":2843,"href":"https:\/\/www.edicionesplatea.com\/blog\/wp-json\/wp\/v2\/posts\/1570\/revisions\/2843"}],"wp:attachment":[{"href":"https:\/\/www.edicionesplatea.com\/blog\/wp-json\/wp\/v2\/media?parent=1570"}],"wp:term":[{"taxonomy":"category","embeddable":true,"href":"https:\/\/www.edicionesplatea.com\/blog\/wp-json\/wp\/v2\/categories?post=1570"},{"taxonomy":"post_tag","embeddable":true,"href":"https:\/\/www.edicionesplatea.com\/blog\/wp-json\/wp\/v2\/tags?post=1570"}],"curies":[{"name":"wp","href":"https:\/\/api.w.org\/{rel}","templated":true}]}}