{"id":1534,"date":"2022-03-30T15:31:42","date_gmt":"2022-03-30T15:31:42","guid":{"rendered":"https:\/\/www.edicionesplatea.com\/blog\/?p=1534"},"modified":"2025-02-27T08:50:42","modified_gmt":"2025-02-27T08:50:42","slug":"el-batallon-cuadrado-de-napoleon-en-jena-perspectivas-historicas-del-arte-operacional","status":"publish","type":"post","link":"https:\/\/www.edicionesplatea.com\/blog\/el-batallon-cuadrado-de-napoleon-en-jena-perspectivas-historicas-del-arte-operacional\/","title":{"rendered":"El batall\u00f3n cuadrado de Napole\u00f3n en Jena. Perspectivas Hist\u00f3ricas del Arte Operacional"},"content":{"rendered":"\n<p>A pesar de ello, el batall\u00f3n cuadrado hab\u00eda cruzado con \u00e9xito el Bosque de Turingia en 72 horas y se hab\u00eda consolidado en su otra vertiente. La vanguardia de caballer\u00eda del mariscal Murat trab\u00f3 algunas escaramuzas el primer d\u00eda con piquetes prusianos. Al anochecer del 8 de octubre, las vanguardias de las tres columnas principales hab\u00edan llegado a sus lugares de parada previstos en Coburgo, Lobenstein y Mu\u0308nchberg respectivamente. Las dos primeras estaban a corta distancia de los bosques de Franconia, y la tercera (el IV Cuerpo de Soult) a punto de atravesarlos. <\/p>\n\n\n\n<figure class=\"wp-block-image size-full\"><a href=\"https:\/\/www.edicionesplatea.com\/blog\/wp-content\/uploads\/2022\/03\/Perspectivvas-historicas-del-arte-operacional-Salamina-Jena-1.jpg\"><img loading=\"lazy\" decoding=\"async\" width=\"814\" height=\"500\" src=\"https:\/\/www.edicionesplatea.com\/blog\/wp-content\/uploads\/2022\/03\/Perspectivvas-historicas-del-arte-operacional-Salamina-Jena-1.jpg\" alt=\"\" class=\"wp-image-1536\" srcset=\"https:\/\/www.edicionesplatea.com\/blog\/wp-content\/uploads\/2022\/03\/Perspectivvas-historicas-del-arte-operacional-Salamina-Jena-1.jpg 814w, https:\/\/www.edicionesplatea.com\/blog\/wp-content\/uploads\/2022\/03\/Perspectivvas-historicas-del-arte-operacional-Salamina-Jena-1-300x184.jpg 300w, https:\/\/www.edicionesplatea.com\/blog\/wp-content\/uploads\/2022\/03\/Perspectivvas-historicas-del-arte-operacional-Salamina-Jena-1-768x472.jpg 768w\" sizes=\"auto, (max-width: 814px) 100vw, 814px\" \/><\/a><figcaption class=\"wp-element-caption\">Perspectivas hist\u00f3ricas del arte operacional &#8211; batall\u00f3n cuadrado de Napole\u00f3n en Jena<\/figcaption><\/figure>\n\n\n\n<p>En la ma\u00f1ana del d\u00eda 9 se encontr\u00f3 la primera oposici\u00f3n real cuando la caballer\u00eda de Murat, unida a su debido tiempo al I Cuerpo de Bernadotte tras atravesar a marchas forzadas el Bosque de Turingia y cruzar la cuenca alta del r\u00edo Saale, se tropez\u00f3 con la fuerza de Tauenzien en las inmediaciones de Schleiz. Le sigui\u00f3 una acci\u00f3n protagonizada principalmente por elementos de caballer\u00eda y dragones que forz\u00f3 a prusianos y sajones a retirarse, abriendo as\u00ed el camino de la columna francesa del centro hacia Auma y la distante Gera. Al anochecer, las dos columnas restantes hab\u00edan llegado sin incidentes a Saalfeld (V Cuerpo de Lannes) y a Hof (IV Cuerpo de Soult), y tomado o tendido puentes sobre el curso alto del r\u00edo Saale.<\/p>\n\n\n\n<p>La confusi\u00f3n y los malentendidos sobre las intenciones galas continuaron acosando al alto mando prusiano. Ante las noticias de la acci\u00f3n de Schleiz, Hohenlohe hab\u00eda ordenado a su ej\u00e9rcito que cruzase el curso medio del Saale y avanzase hacia Auma con el fin de prestar apoyo y reunirse con Tauenzien, cubierto por una acci\u00f3n dilatoria que deb\u00eda librar el pr\u00edncipe Luis Fernando. Pero el superior de Hohenlohe, Brunswick, cancel\u00f3 la maniobra con una contraorden y cambi\u00f3 el avance hacia Rudolstadt. <\/p>\n\n\n\n<p>El pr\u00edncipe Luis Fernando recibi\u00f3 instrucciones de replegarse a Rudolstadt y evitar la batalla en la medida de lo posible, pero esta nueva orden lleg\u00f3 demasiado tarde a su destinatario. Desde primeras horas del d\u00eda 10, Lannes y el pr\u00edncipe prusiano hab\u00edan estado trabados en combate en las inmediaciones de Saalfeld. Los 14.000 efectivos franceses sobre el terreno (el VII Cuerpo de Augereau se hab\u00eda quedado atr\u00e1s) derrotaron a sus 7.000 oponentes cuando el jefe de intendencia Guindet del 10.\u00ba de H\u00fasares mat\u00f3 al pr\u00edncipe Luis Fernando en un combate montado cuerpo a cuerpo. Este lance desencaden\u00f3 un desastre que acab\u00f3 con la huida de sus hombres, 2.700 bajas (incluidos 1.800 prisioneros) y la p\u00e9rdida de 33 ca\u00f1ones, en comparaci\u00f3n con las 172 bajas francesas entre muertos y heridos&#8230;<\/p>\n\n\n\n<p><strong><a href=\"https:\/\/edicionessalamina.com\/p\/perspectivas-historicas-del-arte-operacional\">QUIERO EL LIBRO<\/a><\/strong><\/p>\n\n\n\n<p>Adem\u00e1s, con la compra de este libro, si perteneces al Club Salamina te llevas de regalo el noveno n\u00famero de nuestra exclusiva colecci\u00f3n BOLET\u00cdN SALAMINA.<\/p>\n\n\n\n<figure class=\"wp-block-image size-full is-resized\"><a href=\"https:\/\/www.edicionesplatea.com\/blog\/wp-content\/uploads\/2022\/03\/imagen.png\"><img loading=\"lazy\" decoding=\"async\" width=\"663\" height=\"970\" src=\"https:\/\/www.edicionesplatea.com\/blog\/wp-content\/uploads\/2022\/03\/imagen.png\" alt=\"\" class=\"wp-image-2633\" style=\"width:244px;height:auto\" srcset=\"https:\/\/www.edicionesplatea.com\/blog\/wp-content\/uploads\/2022\/03\/imagen.png 663w, https:\/\/www.edicionesplatea.com\/blog\/wp-content\/uploads\/2022\/03\/imagen-205x300.png 205w\" sizes=\"auto, (max-width: 663px) 100vw, 663px\" \/><\/a><\/figure>\n","protected":false},"excerpt":{"rendered":"<p>A pesar de ello, el batall\u00f3n cuadrado hab\u00eda cruzado con \u00e9xito el Bosque de Turingia en 72 horas y se hab\u00eda consolidado en su otra vertiente. La vanguardia de caballer\u00eda del mariscal Murat trab\u00f3 algunas escaramuzas el primer d\u00eda con &hellip; <a href=\"https:\/\/www.edicionesplatea.com\/blog\/el-batallon-cuadrado-de-napoleon-en-jena-perspectivas-historicas-del-arte-operacional\/\">Sigue leyendo <span class=\"meta-nav\">&rarr;<\/span><\/a><\/p>\n","protected":false},"author":2,"featured_media":0,"comment_status":"open","ping_status":"open","sticky":false,"template":"","format":"standard","meta":{"footnotes":""},"categories":[616],"tags":[364,623,301,201],"class_list":["post-1534","post","type-post","status-publish","format-standard","hentry","category-perspectivas-historicas-del-arte-operacional","tag-arte-operacional","tag-batallon-cuadrado","tag-jena","tag-napoleon"],"_links":{"self":[{"href":"https:\/\/www.edicionesplatea.com\/blog\/wp-json\/wp\/v2\/posts\/1534","targetHints":{"allow":["GET"]}}],"collection":[{"href":"https:\/\/www.edicionesplatea.com\/blog\/wp-json\/wp\/v2\/posts"}],"about":[{"href":"https:\/\/www.edicionesplatea.com\/blog\/wp-json\/wp\/v2\/types\/post"}],"author":[{"embeddable":true,"href":"https:\/\/www.edicionesplatea.com\/blog\/wp-json\/wp\/v2\/users\/2"}],"replies":[{"embeddable":true,"href":"https:\/\/www.edicionesplatea.com\/blog\/wp-json\/wp\/v2\/comments?post=1534"}],"version-history":[{"count":2,"href":"https:\/\/www.edicionesplatea.com\/blog\/wp-json\/wp\/v2\/posts\/1534\/revisions"}],"predecessor-version":[{"id":2635,"href":"https:\/\/www.edicionesplatea.com\/blog\/wp-json\/wp\/v2\/posts\/1534\/revisions\/2635"}],"wp:attachment":[{"href":"https:\/\/www.edicionesplatea.com\/blog\/wp-json\/wp\/v2\/media?parent=1534"}],"wp:term":[{"taxonomy":"category","embeddable":true,"href":"https:\/\/www.edicionesplatea.com\/blog\/wp-json\/wp\/v2\/categories?post=1534"},{"taxonomy":"post_tag","embeddable":true,"href":"https:\/\/www.edicionesplatea.com\/blog\/wp-json\/wp\/v2\/tags?post=1534"}],"curies":[{"name":"wp","href":"https:\/\/api.w.org\/{rel}","templated":true}]}}