{"id":1417,"date":"2021-05-26T15:29:26","date_gmt":"2021-05-26T15:29:26","guid":{"rendered":"https:\/\/www.edicionesplatea.com\/blog\/?p=1417"},"modified":"2025-02-27T08:02:23","modified_gmt":"2025-02-27T08:02:23","slug":"el-socorro-de-kudia-tahar-la-antesala-del-desembarco-de-alhucemas-marruecos-las-etapas-de-la-pacificacion-manuel-goded","status":"publish","type":"post","link":"https:\/\/www.edicionesplatea.com\/blog\/el-socorro-de-kudia-tahar-la-antesala-del-desembarco-de-alhucemas-marruecos-las-etapas-de-la-pacificacion-manuel-goded\/","title":{"rendered":"El socorro de Kudia Tahar. La antesala del desembarco de Alhucemas. Marruecos &#8211; Las etapas de la pacificaci\u00f3n. Manuel Goded"},"content":{"rendered":"\n<p>El coronel Perteguer, establecido en la Hafa del Tuab, contaba con un batall\u00f3n del regimiento de infanter\u00eda de Ceuta n\u00fam. 6o, otro expedicionario del de Toledo n\u00fam. 35, una bater\u00eda de obuses de 10,5, una compa\u00f1\u00eda de cazadores y servicios. Con las unidades procedentes de Alhucemas se organiz\u00f3 una tercera columna, que, a las \u00f3rdenes del teniente coronel Balmes, qued\u00f3 constituida por dos banderas del Tercio, un tabor de Regulares de Melilla y los correspondientes servicios.<\/p>\n\n\n<div class=\"wp-block-image is-style-default\">\n<figure class=\"aligncenter size-large is-resized\"><a href=\"https:\/\/www.edicionesplatea.com\/blog\/wp-content\/uploads\/2021\/05\/Marruecos-Las-etapas-de-la-pacificacion-Manuel-Goded-Salamina-Kudia-Tahar.jpg\"><img loading=\"lazy\" decoding=\"async\" width=\"1024\" height=\"667\" src=\"https:\/\/www.edicionesplatea.com\/blog\/wp-content\/uploads\/2021\/05\/Marruecos-Las-etapas-de-la-pacificacion-Manuel-Goded-Salamina-Kudia-Tahar-1024x667.jpg\" alt=\"\" class=\"wp-image-1418\" style=\"width:613px;height:399px\" srcset=\"https:\/\/www.edicionesplatea.com\/blog\/wp-content\/uploads\/2021\/05\/Marruecos-Las-etapas-de-la-pacificacion-Manuel-Goded-Salamina-Kudia-Tahar-1024x667.jpg 1024w, https:\/\/www.edicionesplatea.com\/blog\/wp-content\/uploads\/2021\/05\/Marruecos-Las-etapas-de-la-pacificacion-Manuel-Goded-Salamina-Kudia-Tahar-300x195.jpg 300w, https:\/\/www.edicionesplatea.com\/blog\/wp-content\/uploads\/2021\/05\/Marruecos-Las-etapas-de-la-pacificacion-Manuel-Goded-Salamina-Kudia-Tahar-768x500.jpg 768w, https:\/\/www.edicionesplatea.com\/blog\/wp-content\/uploads\/2021\/05\/Marruecos-Las-etapas-de-la-pacificacion-Manuel-Goded-Salamina-Kudia-Tahar.jpg 1500w\" sizes=\"auto, (max-width: 1024px) 100vw, 1024px\" \/><\/a><\/figure>\n<\/div>\n\n\n<p>Todas las fuerzas quedaron al mando del general Souza. La idea de maniobra consist\u00eda en hacer subir la columna Balmes por el barranco del Sequin, con direcci\u00f3n a Dar Gazi, en donde se encontraba un important\u00edsimo n\u00facleo enemigo, al que deber\u00eda batir, precediendo al avance una intensa preparaci\u00f3n artillera y realiz\u00e1ndolo bajo la protecci\u00f3n de las fuerzas de los coroneles Perteguer y Fanjul, establecidas a los flancos. Una vez limpio el barranco se socorrer\u00eda a Kudia Tahar. A las ocho y media del 11 empez\u00f3 el avance. La progresi\u00f3n result\u00f3 excesivamente lenta por las fragosidades del terreno y necesidad de reconocer todas las huertas, bosques y poblados, y pas\u00f3 todo el d\u00eda 11 sin lograrse los objetivos.<\/p>\n\n\n\n<p>Al amanecer del 12 se reanud\u00f3 la marcha en la disposici\u00f3n adoptada por las fuerzas el d\u00eda anterior; se ocuparon sin resistencia Dar Haka y las Kudias que dominan Dar Gazi; a las cuatro de la tarde, el teniente coronel Balmes daba la orden de asalto a este \u00faltimo poblado. El encuentro fue excesivamente duro; con \u00edmpetu decisivo, nuestras tropas, apoyadas por el fuego de las columnas laterales y el de la artiller\u00eda, ocuparon el poblado y el bosque; la lucha fue encarnizada al arma blanca y a la granada.<\/p>\n\n\n\n<p>Despu\u00e9s de tan brillante operaci\u00f3n poco trabajo cost\u00f3 llegar a Kudia Tahar, ocup\u00e1ndose al amanecer del 13 por la columna Balmes, secundada por el tabor de Regulares de Ceuta de la de Fanjul, el poblado de Assedan, tras de lo cual se puso pie en la posici\u00f3n y \u00e9sta pudo ser convoyada al alcanzarse por la tercera bandera la l\u00ednea de los Nator.<\/p>\n\n\n\n<p>El enemigo, extremadamente quebrantado, apenas hab\u00eda hecho acto de presencia el d\u00eda 13. Los cad\u00e1veres que se le recogieron (m\u00e1s de 200) representan la prueba palpable de lo terrible de la lucha, en la que jug\u00f3 tambi\u00e9n papel muy decisivo la aviaci\u00f3n, que, como siempre, se cubri\u00f3 de gloria en abnegadas misiones de aprovisionamiento y bombardeo. La heroica guarnici\u00f3n de Kudia Tahar hab\u00eda sido salvada&#8230; <\/p>\n\n\n\n<p><strong><a href=\"https:\/\/edicionessalamina.com\/p\/marruecos-las-etapas-de-la-pacificacion-general-manuel-goded\">QUIERO EL LIBRO<\/a><\/strong><\/p>\n\n\n\n<p>Los miembros del<a href=\"https:\/\/edicionessalamina.com\/i\/newsletter-club-salamina\"> <strong>Club Salamina<\/strong><\/a><strong><a href=\"https:\/\/www.edicionesplatea.com\/club-salamina\/\"> <\/a><\/strong>recibir\u00e1n gratis el <strong>Bolet\u00edn Salamina N.\u00ba5<\/strong> de la colecci\u00f3n exclusiva para integrantes con la compra del libro en nuestra tienda online<\/p>\n\n\n\n<figure class=\"wp-block-image size-full is-resized\"><a href=\"https:\/\/www.edicionesplatea.com\/blog\/wp-content\/uploads\/2021\/05\/Boletin-6-salamina-Marruecos.png\"><img loading=\"lazy\" decoding=\"async\" width=\"341\" height=\"500\" src=\"https:\/\/www.edicionesplatea.com\/blog\/wp-content\/uploads\/2021\/05\/Boletin-6-salamina-Marruecos.png\" alt=\"\" class=\"wp-image-2601\" style=\"width:257px;height:auto\" srcset=\"https:\/\/www.edicionesplatea.com\/blog\/wp-content\/uploads\/2021\/05\/Boletin-6-salamina-Marruecos.png 341w, https:\/\/www.edicionesplatea.com\/blog\/wp-content\/uploads\/2021\/05\/Boletin-6-salamina-Marruecos-205x300.png 205w\" sizes=\"auto, (max-width: 341px) 100vw, 341px\" \/><\/a><\/figure>\n\n\n\n<p><strong><a href=\"https:\/\/edicionessalamina.com\/p\/pack-guerra-del-rif\">PACK DESCUENTO GUERRA DEL RIF<\/a><\/strong> (Marruecos. Las etapas de la pacificaci\u00f3n + Cuaderno de Salamina N.\u00ba2 La retirada de Annual y el asedio de Monte Arruit por 32 euros.<\/p>\n\n\n\n<figure class=\"wp-block-image size-full is-resized\"><a href=\"https:\/\/www.edicionesplatea.com\/blog\/wp-content\/uploads\/2021\/05\/Pack-Guerra-del-Rif-1.png\"><img loading=\"lazy\" decoding=\"async\" width=\"1013\" height=\"717\" src=\"https:\/\/www.edicionesplatea.com\/blog\/wp-content\/uploads\/2021\/05\/Pack-Guerra-del-Rif-1.png\" alt=\"\" class=\"wp-image-2602\" style=\"width:505px;height:auto\" srcset=\"https:\/\/www.edicionesplatea.com\/blog\/wp-content\/uploads\/2021\/05\/Pack-Guerra-del-Rif-1.png 1013w, https:\/\/www.edicionesplatea.com\/blog\/wp-content\/uploads\/2021\/05\/Pack-Guerra-del-Rif-1-300x212.png 300w, https:\/\/www.edicionesplatea.com\/blog\/wp-content\/uploads\/2021\/05\/Pack-Guerra-del-Rif-1-768x544.png 768w\" sizes=\"auto, (max-width: 1013px) 100vw, 1013px\" \/><\/a><\/figure>\n","protected":false},"excerpt":{"rendered":"<p>El coronel Perteguer, establecido en la Hafa del Tuab, contaba con un batall\u00f3n del regimiento de infanter\u00eda de Ceuta n\u00fam. 6o, otro expedicionario del de Toledo n\u00fam. 35, una bater\u00eda de obuses de 10,5, una compa\u00f1\u00eda de cazadores y servicios. &hellip; <a href=\"https:\/\/www.edicionesplatea.com\/blog\/el-socorro-de-kudia-tahar-la-antesala-del-desembarco-de-alhucemas-marruecos-las-etapas-de-la-pacificacion-manuel-goded\/\">Sigue leyendo <span class=\"meta-nav\">&rarr;<\/span><\/a><\/p>\n","protected":false},"author":2,"featured_media":0,"comment_status":"open","ping_status":"open","sticky":false,"template":"","format":"standard","meta":{"footnotes":""},"categories":[570],"tags":[574,582,581],"class_list":["post-1417","post","type-post","status-publish","format-standard","hentry","category-marruecos-las-etapas-de-la-pacificacion","tag-goded","tag-guerra-del-rif","tag-kudia-tahar"],"_links":{"self":[{"href":"https:\/\/www.edicionesplatea.com\/blog\/wp-json\/wp\/v2\/posts\/1417","targetHints":{"allow":["GET"]}}],"collection":[{"href":"https:\/\/www.edicionesplatea.com\/blog\/wp-json\/wp\/v2\/posts"}],"about":[{"href":"https:\/\/www.edicionesplatea.com\/blog\/wp-json\/wp\/v2\/types\/post"}],"author":[{"embeddable":true,"href":"https:\/\/www.edicionesplatea.com\/blog\/wp-json\/wp\/v2\/users\/2"}],"replies":[{"embeddable":true,"href":"https:\/\/www.edicionesplatea.com\/blog\/wp-json\/wp\/v2\/comments?post=1417"}],"version-history":[{"count":2,"href":"https:\/\/www.edicionesplatea.com\/blog\/wp-json\/wp\/v2\/posts\/1417\/revisions"}],"predecessor-version":[{"id":2604,"href":"https:\/\/www.edicionesplatea.com\/blog\/wp-json\/wp\/v2\/posts\/1417\/revisions\/2604"}],"wp:attachment":[{"href":"https:\/\/www.edicionesplatea.com\/blog\/wp-json\/wp\/v2\/media?parent=1417"}],"wp:term":[{"taxonomy":"category","embeddable":true,"href":"https:\/\/www.edicionesplatea.com\/blog\/wp-json\/wp\/v2\/categories?post=1417"},{"taxonomy":"post_tag","embeddable":true,"href":"https:\/\/www.edicionesplatea.com\/blog\/wp-json\/wp\/v2\/tags?post=1417"}],"curies":[{"name":"wp","href":"https:\/\/api.w.org\/{rel}","templated":true}]}}