{"id":1407,"date":"2021-05-10T15:29:24","date_gmt":"2021-05-10T15:29:24","guid":{"rendered":"https:\/\/www.edicionesplatea.com\/blog\/?p=1407"},"modified":"2025-02-26T09:16:40","modified_gmt":"2025-02-26T09:16:40","slug":"los-soldados-de-primera-linea-la-retirada-de-moscu-david-stahel","status":"publish","type":"post","link":"https:\/\/www.edicionesplatea.com\/blog\/los-soldados-de-primera-linea-la-retirada-de-moscu-david-stahel\/","title":{"rendered":"Los soldados de primera l\u00ednea. La retirada de Mosc\u00fa. David Stahel"},"content":{"rendered":"\n<p>El diario de operaciones de la 3.\u00aa Divisi\u00f3n Panzer del mayor general Hermann Breith hablaba de un \u00abesfuerzo inhumano\u00bb, con algunas compa\u00f1\u00edas librando combates constantes durante diez d\u00edas, \u00abincluidas sus noches\u00bb, y con su fuerza de combate \u00abreducida casi a cero\u00bb. En una compa\u00f1\u00eda de 60 hombres, 35 padec\u00edan de severos episodios de fiebre.<\/p>\n\n\n<div class=\"wp-block-image is-style-default\">\n<figure class=\"aligncenter size-large is-resized\"><a href=\"https:\/\/www.edicionesplatea.com\/blog\/wp-content\/uploads\/2021\/05\/La-retirada-de-Moscu\u0301-David-Stahel-Salamina-primera-li\u0301nea.jpg\"><img loading=\"lazy\" decoding=\"async\" width=\"1000\" height=\"650\" src=\"https:\/\/www.edicionesplatea.com\/blog\/wp-content\/uploads\/2021\/05\/La-retirada-de-Moscu\u0301-David-Stahel-Salamina-primera-li\u0301nea.jpg\" alt=\"\" class=\"wp-image-1408\" style=\"width:635px;height:412px\" srcset=\"https:\/\/www.edicionesplatea.com\/blog\/wp-content\/uploads\/2021\/05\/La-retirada-de-Moscu\u0301-David-Stahel-Salamina-primera-li\u0301nea.jpg 1000w, https:\/\/www.edicionesplatea.com\/blog\/wp-content\/uploads\/2021\/05\/La-retirada-de-Moscu\u0301-David-Stahel-Salamina-primera-li\u0301nea-300x195.jpg 300w, https:\/\/www.edicionesplatea.com\/blog\/wp-content\/uploads\/2021\/05\/La-retirada-de-Moscu\u0301-David-Stahel-Salamina-primera-li\u0301nea-768x499.jpg 768w\" sizes=\"auto, (max-width: 1000px) 100vw, 1000px\" \/><\/a><\/figure>\n<\/div>\n\n\n<p>En casos extremos, las unidades llegaron a estar tan ap\u00e1ticas que dejaron de luchar, ni siquiera para salvar sus propias vidas. En un caso concreto del 9 de diciembre, un informe del LIII Cuerpo de Ej\u00e9rcito del general de infanter\u00eda Walther Fischer von Weikersthal afirmaba: \u00abLos soldados ya no son capaces de ofrecer resistencia. Han dejado de luchar\u00bb. Esos soldados, en lo m\u00e1s profundo del pozo de la desolaci\u00f3n y la desesperaci\u00f3n, estaban sencillamente fuera del control de sus oficiales. Como recordaba un soldado: \u00abNo quedaba nada que me diese esperanza y no hab\u00eda futuro a la vista m\u00e1s que el sufrimiento\u00bb.<\/p>\n\n\n\n<p>Aunque la fatiga y la angustia de estos hombres era completamente entendible, quiz\u00e1 lo m\u00e1s destacable fuesen sus numerosas historias de aguante humano, que, en \u00faltima instancia, mantuvieron vivo al debilitado ej\u00e9rcito panzer de Guderian. En una carta a casa del 11 de diciembre, el general Heinrici, comandante del XXXXIII Cuerpo de Ej\u00e9rcito, se maravillaba ante algunas de las escenas que hab\u00eda presenciado:<\/p>\n\n\n\n<p>\u00ab<em>Miro a los muchachos que se han enfrentado al enemigo durante semanas en este tiempo g\u00e9lido. Con otros treinta, comparten un cobertizo panje atestado de piojos, sin jab\u00f3n, sin asear y sin afeitar durante d\u00edas, con heridas infectadas por todo el cuerpo causadas por el rascar constante para aliviar el picor producido por los piojos en uniformes harapientos, sucios y cubiertos de bichos. Los miro y escucho lo que dicen cuando, seg\u00fan el doctor, no est\u00e1n en condiciones para el servicio debido a piernas ulcerosas. Todos declararon el 26 de noviembre: \u201cNo vamos a ir al hospital de campa\u00f1a; no vamos a abandonar a nuestros camaradas justo antes del ataque\u201d. Y al d\u00eda siguiente vinieron con nosotros a una temperatura de -10 \u00baC con los pies vendados y sin calcetines. Y ese joven teniente H., cuya compa\u00f1\u00eda visit\u00e9, que me mostr\u00f3 a sus hombres y fue encontrado inconsciente a la ma\u00f1ana siguiente. \u00a1Hab\u00eda sido herido hace tres d\u00edas y no dijo una palabra, porque no quer\u00eda dejar su compa\u00f1\u00eda, que hab\u00eda perdido a casi todos los suboficiales!<\/em>\u00bb.<\/p>\n\n\n\n<p><strong><a href=\"https:\/\/edicionessalamina.com\/p\/la-retirada-de-moscu-david-stahel\">QUIERO EL LIBRO<\/a><\/strong><\/p>\n\n\n\n<p>LL\u00c9VATE DE REGALO una r\u00e9plica en alta calidad y a color de un MAPA de situaci\u00f3n del <em>OSTHEER<\/em> del Grupo de Ej\u00e9rcitos Centro del 10 de enero de 1942 por una cara y del 10 de febrero por la otra. Tama\u00f1o A2 (60\u00d742 cm). Solo en nuestra tienda online.<\/p>\n\n\n\n<p>Adem\u00e1s, si est\u00e1s suscrito y eres miembro del Club Salamina, te llevas de REGALO tambi\u00e9n el quinto n\u00famero de nuestra colecci\u00f3n exclusiva Bolet\u00edn Salamina, La guerra en la regi\u00f3n \u00e1rtica del Frente del Este.<\/p>\n\n\n\n<figure class=\"wp-block-image is-resized\"><a href=\"https:\/\/www.edicionesplatea.com\/blog\/wp-content\/uploads\/2021\/04\/La-retirada-de-Moscu-mapa-boletin.jpg\"><img loading=\"lazy\" decoding=\"async\" width=\"1024\" height=\"801\" src=\"https:\/\/www.edicionesplatea.com\/blog\/wp-content\/uploads\/2021\/04\/La-retirada-de-Moscu-mapa-boletin-1024x801.jpg\" alt=\"\" class=\"wp-image-2591\" style=\"width:571px;height:auto\" srcset=\"https:\/\/www.edicionesplatea.com\/blog\/wp-content\/uploads\/2021\/04\/La-retirada-de-Moscu-mapa-boletin-1024x801.jpg 1024w, https:\/\/www.edicionesplatea.com\/blog\/wp-content\/uploads\/2021\/04\/La-retirada-de-Moscu-mapa-boletin-300x235.jpg 300w, https:\/\/www.edicionesplatea.com\/blog\/wp-content\/uploads\/2021\/04\/La-retirada-de-Moscu-mapa-boletin-768x601.jpg 768w, https:\/\/www.edicionesplatea.com\/blog\/wp-content\/uploads\/2021\/04\/La-retirada-de-Moscu-mapa-boletin.jpg 1046w\" sizes=\"auto, (max-width: 1024px) 100vw, 1024px\" \/><\/a><\/figure>\n","protected":false},"excerpt":{"rendered":"<p>El diario de operaciones de la 3.\u00aa Divisi\u00f3n Panzer del mayor general Hermann Breith hablaba de un \u00abesfuerzo inhumano\u00bb, con algunas compa\u00f1\u00edas librando combates constantes durante diez d\u00edas, \u00abincluidas sus noches\u00bb, y con su fuerza de combate \u00abreducida casi a &hellip; <a href=\"https:\/\/www.edicionesplatea.com\/blog\/los-soldados-de-primera-linea-la-retirada-de-moscu-david-stahel\/\">Sigue leyendo <span class=\"meta-nav\">&rarr;<\/span><\/a><\/p>\n","protected":false},"author":2,"featured_media":0,"comment_status":"open","ping_status":"open","sticky":false,"template":"","format":"standard","meta":{"footnotes":""},"categories":[569],"tags":[235,150,142],"class_list":["post-1407","post","type-post","status-publish","format-standard","hentry","category-la-retirada-de-moscu","tag-235","tag-barbarroja","tag-moscu"],"_links":{"self":[{"href":"https:\/\/www.edicionesplatea.com\/blog\/wp-json\/wp\/v2\/posts\/1407","targetHints":{"allow":["GET"]}}],"collection":[{"href":"https:\/\/www.edicionesplatea.com\/blog\/wp-json\/wp\/v2\/posts"}],"about":[{"href":"https:\/\/www.edicionesplatea.com\/blog\/wp-json\/wp\/v2\/types\/post"}],"author":[{"embeddable":true,"href":"https:\/\/www.edicionesplatea.com\/blog\/wp-json\/wp\/v2\/users\/2"}],"replies":[{"embeddable":true,"href":"https:\/\/www.edicionesplatea.com\/blog\/wp-json\/wp\/v2\/comments?post=1407"}],"version-history":[{"count":2,"href":"https:\/\/www.edicionesplatea.com\/blog\/wp-json\/wp\/v2\/posts\/1407\/revisions"}],"predecessor-version":[{"id":2593,"href":"https:\/\/www.edicionesplatea.com\/blog\/wp-json\/wp\/v2\/posts\/1407\/revisions\/2593"}],"wp:attachment":[{"href":"https:\/\/www.edicionesplatea.com\/blog\/wp-json\/wp\/v2\/media?parent=1407"}],"wp:term":[{"taxonomy":"category","embeddable":true,"href":"https:\/\/www.edicionesplatea.com\/blog\/wp-json\/wp\/v2\/categories?post=1407"},{"taxonomy":"post_tag","embeddable":true,"href":"https:\/\/www.edicionesplatea.com\/blog\/wp-json\/wp\/v2\/tags?post=1407"}],"curies":[{"name":"wp","href":"https:\/\/api.w.org\/{rel}","templated":true}]}}