{"id":137,"date":"2016-01-21T14:18:15","date_gmt":"2016-01-21T14:18:15","guid":{"rendered":"http:\/\/www.edicionesplatea.com\/blog\/?p=137"},"modified":"2025-02-06T20:33:18","modified_gmt":"2025-02-06T20:33:18","slug":"nunca-nieva-en-septiembre-market-garden-desde-el-punto-de-vista-aleman","status":"publish","type":"post","link":"https:\/\/www.edicionesplatea.com\/blog\/nunca-nieva-en-septiembre-market-garden-desde-el-punto-de-vista-aleman\/","title":{"rendered":"NUNCA NIEVA EN SEPTIEMBRE &#8211; Market Garden desde el punto de vista alem\u00e1n"},"content":{"rendered":"\n<p>&nbsp;En la tarde del 17 de septiembre de 1944 el teniente Joseph Enthammer, un oficial de artiller\u00eda de la Wehrmacht acampado en Arnhem, contemplaba el claro cielo sin apenas creer lo que ve\u00eda.<\/p>\n\n\n<div class=\"wp-block-image\">\n<figure class=\"aligncenter\"><a href=\"http:\/\/www.edicionesplatea.com\/blog\/wp-content\/uploads\/2016\/01\/Nunca-nieva-en-septembre-Platea-Market-Garden.png\"><img loading=\"lazy\" decoding=\"async\" width=\"907\" height=\"707\" src=\"http:\/\/www.edicionesplatea.com\/blog\/wp-content\/uploads\/2016\/01\/Nunca-nieva-en-septembre-Platea-Market-Garden.png\" alt=\"Nunca nieva en septembre - Platea - Market Garden\" class=\"wp-image-325\" srcset=\"https:\/\/www.edicionesplatea.com\/blog\/wp-content\/uploads\/2016\/01\/Nunca-nieva-en-septembre-Platea-Market-Garden.png 907w, https:\/\/www.edicionesplatea.com\/blog\/wp-content\/uploads\/2016\/01\/Nunca-nieva-en-septembre-Platea-Market-Garden-300x234.png 300w, https:\/\/www.edicionesplatea.com\/blog\/wp-content\/uploads\/2016\/01\/Nunca-nieva-en-septembre-Platea-Market-Garden-768x599.png 768w\" sizes=\"auto, (max-width: 907px) 100vw, 907px\" \/><\/a><\/figure>\n<\/div>\n\n\n<p>Parec\u00eda que cayeran blancos \u00abcopos de nieve\u00bb. \u00abNo puede ser\u00bb, pens\u00f3. \u00ab\u00a1Nunca nieva en septiembre!\u00bb \u00a1Deben ser paracaidistas!<\/p>\n\n\n\n<p><strong><a href=\"https:\/\/edicionessalamina.com\/p\/nunca-nieva-en-septiembre-robert-kershaw\">QUIERO EL LIBRO<\/a><\/strong><\/p>\n","protected":false},"excerpt":{"rendered":"<p>&nbsp;En la tarde del 17 de septiembre de 1944 el teniente Joseph Enthammer, un oficial de artiller\u00eda de la Wehrmacht acampado en Arnhem, contemplaba el claro cielo sin apenas creer lo que ve\u00eda. Parec\u00eda que cayeran blancos \u00abcopos de nieve\u00bb. &hellip; <a href=\"https:\/\/www.edicionesplatea.com\/blog\/nunca-nieva-en-septiembre-market-garden-desde-el-punto-de-vista-aleman\/\">Sigue leyendo <span class=\"meta-nav\">&rarr;<\/span><\/a><\/p>\n","protected":false},"author":1,"featured_media":0,"comment_status":"open","ping_status":"open","sticky":false,"template":"","format":"standard","meta":{"footnotes":""},"categories":[24],"tags":[26,23],"class_list":["post-137","post","type-post","status-publish","format-standard","hentry","category-nunca-nieva-en-septiembre","tag-market-garden","tag-paracaidistas"],"_links":{"self":[{"href":"https:\/\/www.edicionesplatea.com\/blog\/wp-json\/wp\/v2\/posts\/137","targetHints":{"allow":["GET"]}}],"collection":[{"href":"https:\/\/www.edicionesplatea.com\/blog\/wp-json\/wp\/v2\/posts"}],"about":[{"href":"https:\/\/www.edicionesplatea.com\/blog\/wp-json\/wp\/v2\/types\/post"}],"author":[{"embeddable":true,"href":"https:\/\/www.edicionesplatea.com\/blog\/wp-json\/wp\/v2\/users\/1"}],"replies":[{"embeddable":true,"href":"https:\/\/www.edicionesplatea.com\/blog\/wp-json\/wp\/v2\/comments?post=137"}],"version-history":[{"count":3,"href":"https:\/\/www.edicionesplatea.com\/blog\/wp-json\/wp\/v2\/posts\/137\/revisions"}],"predecessor-version":[{"id":2187,"href":"https:\/\/www.edicionesplatea.com\/blog\/wp-json\/wp\/v2\/posts\/137\/revisions\/2187"}],"wp:attachment":[{"href":"https:\/\/www.edicionesplatea.com\/blog\/wp-json\/wp\/v2\/media?parent=137"}],"wp:term":[{"taxonomy":"category","embeddable":true,"href":"https:\/\/www.edicionesplatea.com\/blog\/wp-json\/wp\/v2\/categories?post=137"},{"taxonomy":"post_tag","embeddable":true,"href":"https:\/\/www.edicionesplatea.com\/blog\/wp-json\/wp\/v2\/tags?post=137"}],"curies":[{"name":"wp","href":"https:\/\/api.w.org\/{rel}","templated":true}]}}