{"id":1365,"date":"2021-03-02T16:50:51","date_gmt":"2021-03-02T16:50:51","guid":{"rendered":"https:\/\/www.edicionesplatea.com\/blog\/?p=1365"},"modified":"2025-02-25T16:24:17","modified_gmt":"2025-02-25T16:24:17","slug":"el-ataque-al-primer-convoy-ataudes-de-acero-herbert-a-werner","status":"publish","type":"post","link":"https:\/\/www.edicionesplatea.com\/blog\/el-ataque-al-primer-convoy-ataudes-de-acero-herbert-a-werner\/","title":{"rendered":"El ataque al primer convoy. Ata\u00fades de acero. Herbert A. Werner"},"content":{"rendered":"\n<p>\u00abProfundidad de periscopio\u00bb, orden\u00f3 el Capit\u00e1n. El U-557 se elev\u00f3 hasta la profundidad pedida. El primer oficial subi\u00f3 a la torreta y yo me hice cargo del tim\u00f3n. El zumbido del motor del periscopio inund\u00f3 la peque\u00f1a sala. Paulssen tuvo dificultades con el periscopio y lo subi\u00f3 y baj\u00f3 entre los cabeceos arriba y abajo en la mar encrespada. <\/p>\n\n\n<div class=\"wp-block-image is-style-default\">\n<figure class=\"aligncenter size-large is-resized\"><a href=\"https:\/\/www.edicionesplatea.com\/blog\/wp-content\/uploads\/2021\/03\/Ataudes-de-acero-Herbert-A-Werner-Salamina-Convoy.jpg\"><img loading=\"lazy\" decoding=\"async\" width=\"1000\" height=\"701\" src=\"https:\/\/www.edicionesplatea.com\/blog\/wp-content\/uploads\/2021\/03\/Ataudes-de-acero-Herbert-A-Werner-Salamina-Convoy.jpg\" alt=\"\" class=\"wp-image-1366\" style=\"width:654px;height:458px\" srcset=\"https:\/\/www.edicionesplatea.com\/blog\/wp-content\/uploads\/2021\/03\/Ataudes-de-acero-Herbert-A-Werner-Salamina-Convoy.jpg 1000w, https:\/\/www.edicionesplatea.com\/blog\/wp-content\/uploads\/2021\/03\/Ataudes-de-acero-Herbert-A-Werner-Salamina-Convoy-300x210.jpg 300w, https:\/\/www.edicionesplatea.com\/blog\/wp-content\/uploads\/2021\/03\/Ataudes-de-acero-Herbert-A-Werner-Salamina-Convoy-768x538.jpg 768w\" sizes=\"auto, (max-width: 1000px) 100vw, 1000px\" \/><\/a><\/figure>\n<\/div>\n\n\n<p>El operador de los hidr\u00f3fonos inform\u00f3 de que el convoy se acercaba r\u00e1pidamente. Pronto o\u00edmos por nosotros mismos el intenso murmullo de una multitud de h\u00e9lices. El hidrofonista detect\u00f3 entonces un grupo de escoltas por delante del convoy. El intenso ruido de las h\u00e9lices inundaba todo el horizonte occidental. Luego o\u00edmos el agudo y met\u00e1lico ping-ping de los impulsos de Asdic que emit\u00edan los destructores para detectarnos. <\/p>\n\n\n\n<p>Para la mayor\u00eda de los que est\u00e1bamos a bordo se trataba de una nueva sensaci\u00f3n. Cada uno de los impulsos chocaba contra el submarino como un martillo golpeando un diapas\u00f3n; luego viajaba a trav\u00e9s del casco y escapaba dispers\u00e1ndose por todo el horizonte. Entre tanto, el sordo traqueteo de multitud de motores de pist\u00f3n y el sonido chirriante de las turbinas se intensific\u00f3 y luego se hizo m\u00e1s distante. El operador de los hidr\u00f3fonos inform\u00f3 de que el convoy hab\u00eda virado hacia el sur.<\/p>\n\n\n\n<p>De repente, distinguimos las altas revoluciones de h\u00e9lices de un destructor. El Capit\u00e1n gir\u00f3 r\u00e1pidamente el periscopio sobre su eje y dijo, \u00abtres destructores, rumbo tres \u2013 dos \u2013 cero, distancia tres mil metros. Todo el tim\u00f3n a estribor, nuevo rumbo hacia el sur\u00bb. Podr\u00edamos haber atacado a los amenazantes destructores, pero Paulssen eligi\u00f3, sabiamente, una presa m\u00e1s grande y m\u00e1s segura. Pronto grit\u00f3 exultante, \u00ab\u00a1Vaya panorama! Que los cinco tubos lanzatorpedos se preparen para disparar. Velocidad del blanco diez, \u00e1ngulo izquierda treinta, profundidad siete, distancia mil doscientos. \u00a1Eh, primer oficial, echa un vistazo al desfile!\u00bb&#8230;.<\/p>\n\n\n\n<p><strong><a href=\"https:\/\/edicionessalamina.com\/p\/ataudes-de-acero-herbert-a-werner\">QUIERO EL LIBRO<\/a><\/strong><\/p>\n\n\n\n<p>Los socios del <strong><a href=\"https:\/\/www.edicionesplatea.com\/club-salamina\/\">Club Salamina<\/a><\/strong> recibir\u00e1n de regalo con la compra en nuestra tienda online el Bolet\u00edn Salamina N.\u00ba3 \u00abLa Guerra Submarina hasta 1945\u00bb.<\/p>\n\n\n\n<figure class=\"wp-block-image size-large is-resized\"><a href=\"https:\/\/www.edicionesplatea.com\/blog\/wp-content\/uploads\/2021\/03\/Boletin-guerra-submarina.jpg\"><img loading=\"lazy\" decoding=\"async\" width=\"698\" height=\"1024\" src=\"https:\/\/www.edicionesplatea.com\/blog\/wp-content\/uploads\/2021\/03\/Boletin-guerra-submarina-698x1024.jpg\" alt=\"\" class=\"wp-image-2585\" style=\"width:269px;height:auto\" srcset=\"https:\/\/www.edicionesplatea.com\/blog\/wp-content\/uploads\/2021\/03\/Boletin-guerra-submarina-698x1024.jpg 698w, https:\/\/www.edicionesplatea.com\/blog\/wp-content\/uploads\/2021\/03\/Boletin-guerra-submarina-204x300.jpg 204w, https:\/\/www.edicionesplatea.com\/blog\/wp-content\/uploads\/2021\/03\/Boletin-guerra-submarina-768x1127.jpg 768w, https:\/\/www.edicionesplatea.com\/blog\/wp-content\/uploads\/2021\/03\/Boletin-guerra-submarina.jpg 1000w\" sizes=\"auto, (max-width: 698px) 100vw, 698px\" \/><\/a><\/figure>\n","protected":false},"excerpt":{"rendered":"<p>\u00abProfundidad de periscopio\u00bb, orden\u00f3 el Capit\u00e1n. El U-557 se elev\u00f3 hasta la profundidad pedida. El primer oficial subi\u00f3 a la torreta y yo me hice cargo del tim\u00f3n. El zumbido del motor del periscopio inund\u00f3 la peque\u00f1a sala. Paulssen tuvo &hellip; <a href=\"https:\/\/www.edicionesplatea.com\/blog\/el-ataque-al-primer-convoy-ataudes-de-acero-herbert-a-werner\/\">Sigue leyendo <span class=\"meta-nav\">&rarr;<\/span><\/a><\/p>\n","protected":false},"author":2,"featured_media":0,"comment_status":"open","ping_status":"open","sticky":false,"template":"","format":"standard","meta":{"footnotes":""},"categories":[558],"tags":[560,559],"class_list":["post-1365","post","type-post","status-publish","format-standard","hentry","category-ataudes-de-acero","tag-kriegsmarine","tag-u-boot"],"_links":{"self":[{"href":"https:\/\/www.edicionesplatea.com\/blog\/wp-json\/wp\/v2\/posts\/1365","targetHints":{"allow":["GET"]}}],"collection":[{"href":"https:\/\/www.edicionesplatea.com\/blog\/wp-json\/wp\/v2\/posts"}],"about":[{"href":"https:\/\/www.edicionesplatea.com\/blog\/wp-json\/wp\/v2\/types\/post"}],"author":[{"embeddable":true,"href":"https:\/\/www.edicionesplatea.com\/blog\/wp-json\/wp\/v2\/users\/2"}],"replies":[{"embeddable":true,"href":"https:\/\/www.edicionesplatea.com\/blog\/wp-json\/wp\/v2\/comments?post=1365"}],"version-history":[{"count":3,"href":"https:\/\/www.edicionesplatea.com\/blog\/wp-json\/wp\/v2\/posts\/1365\/revisions"}],"predecessor-version":[{"id":2587,"href":"https:\/\/www.edicionesplatea.com\/blog\/wp-json\/wp\/v2\/posts\/1365\/revisions\/2587"}],"wp:attachment":[{"href":"https:\/\/www.edicionesplatea.com\/blog\/wp-json\/wp\/v2\/media?parent=1365"}],"wp:term":[{"taxonomy":"category","embeddable":true,"href":"https:\/\/www.edicionesplatea.com\/blog\/wp-json\/wp\/v2\/categories?post=1365"},{"taxonomy":"post_tag","embeddable":true,"href":"https:\/\/www.edicionesplatea.com\/blog\/wp-json\/wp\/v2\/tags?post=1365"}],"curies":[{"name":"wp","href":"https:\/\/api.w.org\/{rel}","templated":true}]}}