{"id":1338,"date":"2021-01-18T16:39:49","date_gmt":"2021-01-18T16:39:49","guid":{"rendered":"https:\/\/www.edicionesplatea.com\/blog\/?p=1338"},"modified":"2025-02-25T16:20:29","modified_gmt":"2025-02-25T16:20:29","slug":"san-telmo-ataque-general-del-22-de-junio-los-en-combate-hugo-a-canete","status":"publish","type":"post","link":"https:\/\/www.edicionesplatea.com\/blog\/san-telmo-ataque-general-del-22-de-junio-los-en-combate-hugo-a-canete\/","title":{"rendered":"San Telmo, ataque general del 22 de junio. Los tercios en combate. Hugo A. Ca\u00f1ete"},"content":{"rendered":"\n<p>El combate fue encarnizado. Se derroch\u00f3 valor y corri\u00f3 la sangre en ambos bandos. El esfuerzo principal otomano se llevaba a cabo, una vez m\u00e1s, en el puesto del coronel Mas, donde los soldados turcos trataban de arrollar el encajado terraplenado y arrojar al foso los grandes cestones de tierra con cuerdas. Entre tanto, llov\u00edan las piedras y los artefactos incendiarios entre asaltantes y defensores. <\/p>\n\n\n<div class=\"wp-block-image is-style-default\">\n<figure class=\"aligncenter size-large is-resized\"><a href=\"https:\/\/www.edicionesplatea.com\/blog\/wp-content\/uploads\/2021\/01\/Los-tercios-en-combate-Hugo-A-Can\u0303ete-Salamina-San-Telmo.jpg\"><img loading=\"lazy\" decoding=\"async\" width=\"952\" height=\"500\" src=\"https:\/\/www.edicionesplatea.com\/blog\/wp-content\/uploads\/2021\/01\/Los-tercios-en-combate-Hugo-A-Can\u0303ete-Salamina-San-Telmo.jpg\" alt=\"\" class=\"wp-image-1339\" style=\"width:630px;height:330px\" srcset=\"https:\/\/www.edicionesplatea.com\/blog\/wp-content\/uploads\/2021\/01\/Los-tercios-en-combate-Hugo-A-Can\u0303ete-Salamina-San-Telmo.jpg 952w, https:\/\/www.edicionesplatea.com\/blog\/wp-content\/uploads\/2021\/01\/Los-tercios-en-combate-Hugo-A-Can\u0303ete-Salamina-San-Telmo-300x158.jpg 300w, https:\/\/www.edicionesplatea.com\/blog\/wp-content\/uploads\/2021\/01\/Los-tercios-en-combate-Hugo-A-Can\u0303ete-Salamina-San-Telmo-768x403.jpg 768w\" sizes=\"auto, (max-width: 952px) 100vw, 952px\" \/><\/a><\/figure>\n<\/div>\n\n\n<p>Desde San \u00c1ngel, al otro lado del Gran Puerto, los artilleros de la plataforma artillera hac\u00edan todo lo que pod\u00edan por ayudar a los defensores que luchaban en aquel espol\u00f3n, causando un gran da\u00f1o a los atacantes. Los arcabuceros apostados en el parapeto del caballero causaron gran da\u00f1o en las filas cristianas, apuntando sus armas a aquellos que parec\u00edan tener mando. Los defensores, ocupados en repeler a los asaltantes, bajaban la guardia y se descubr\u00edan, poni\u00e9ndose a tiro de los tiradores de \u00e9lite otomanos. <\/p>\n\n\n\n<p>Muchos oficiales cristianos murieron as\u00ed esa ma\u00f1ana. Los defensores, imposibilitados de bajar a la plaza de armas a por p\u00f3lvora, ten\u00edan que quit\u00e1rsela a los muertos para seguir disparando sus armas. Ante la situaci\u00f3n cr\u00edtica que se viv\u00eda en el puesto del coronel Mas acudieron partidas de refuerzo de otros puestos y, desesperados, organizaron un contragolpe con el que obligaron a los asaltantes a retirarse de nuevo al foso. Ante el desconcierto de los baj\u00e1s, que daban ya el fuerte por ganado, se dio orden de cancelar el ataque y las tropas otomanas se retiraron perplejas a sus trincheras. <\/p>\n\n\n\n<p>Hab\u00eda sido la ma\u00f1ana m\u00e1s sangrienta de todo el asedio. Murieron 2.000 soldados turcos y resultaron heridos otros tantos. Por parte cristiana hab\u00edan tenido que lamentar la muerte de 500 hombres, entre ellos la mayor parte los oficiales. Para entonces, quedaban en pie en San Telmo unos 100 hombres, la mayor\u00eda heridos, sin municiones, sin esperanza de recibir refuerzos y sin tener, casi, donde cobijarse&#8230; <\/p>\n\n\n\n<p><strong><a href=\"https:\/\/edicionessalamina.com\/p\/los-tercios-en-combate-hugo-a-canete\">QUIERO EL LIBRO<\/a><\/strong><\/p>\n\n\n\n<p>Adem\u00e1s, con la compra de este libro en nuestra tienda online, si perteneces al Club Salamina te llevas de regalo el tercer n\u00famero de nuestra exclusiva colecci\u00f3n BOLET\u00cdN SALAMINA. Simplemente tienes que estar registrado en nuestro newsletter en el momento de la compra o registrarte durante el proceso de la misma. Si no est\u00e1s registrado en nuestro club, \u00bfa qu\u00e9 esperas?<a href=\"https:\/\/edicionessalamina.com\/i\/newsletter-club-salamina\"> <strong>Puedes hacerlo aqu\u00ed<\/strong>.<\/a><\/p>\n\n\n\n<figure class=\"wp-block-image size-full is-resized\"><a href=\"https:\/\/www.edicionesplatea.com\/blog\/wp-content\/uploads\/2020\/12\/Boletin-n2-Verdugo.png\"><img loading=\"lazy\" decoding=\"async\" width=\"400\" height=\"592\" src=\"https:\/\/www.edicionesplatea.com\/blog\/wp-content\/uploads\/2020\/12\/Boletin-n2-Verdugo.png\" alt=\"\" class=\"wp-image-2577\" style=\"width:292px;height:auto\" srcset=\"https:\/\/www.edicionesplatea.com\/blog\/wp-content\/uploads\/2020\/12\/Boletin-n2-Verdugo.png 400w, https:\/\/www.edicionesplatea.com\/blog\/wp-content\/uploads\/2020\/12\/Boletin-n2-Verdugo-203x300.png 203w\" sizes=\"auto, (max-width: 400px) 100vw, 400px\" \/><\/a><\/figure>\n","protected":false},"excerpt":{"rendered":"<p>El combate fue encarnizado. Se derroch\u00f3 valor y corri\u00f3 la sangre en ambos bandos. El esfuerzo principal otomano se llevaba a cabo, una vez m\u00e1s, en el puesto del coronel Mas, donde los soldados turcos trataban de arrollar el encajado &hellip; <a href=\"https:\/\/www.edicionesplatea.com\/blog\/san-telmo-ataque-general-del-22-de-junio-los-en-combate-hugo-a-canete\/\">Sigue leyendo <span class=\"meta-nav\">&rarr;<\/span><\/a><\/p>\n","protected":false},"author":2,"featured_media":0,"comment_status":"open","ping_status":"open","sticky":false,"template":"","format":"standard","meta":{"footnotes":""},"categories":[538],"tags":[539],"class_list":["post-1338","post","type-post","status-publish","format-standard","hentry","category-los-tercios-en-combate","tag-san-telmo"],"_links":{"self":[{"href":"https:\/\/www.edicionesplatea.com\/blog\/wp-json\/wp\/v2\/posts\/1338","targetHints":{"allow":["GET"]}}],"collection":[{"href":"https:\/\/www.edicionesplatea.com\/blog\/wp-json\/wp\/v2\/posts"}],"about":[{"href":"https:\/\/www.edicionesplatea.com\/blog\/wp-json\/wp\/v2\/types\/post"}],"author":[{"embeddable":true,"href":"https:\/\/www.edicionesplatea.com\/blog\/wp-json\/wp\/v2\/users\/2"}],"replies":[{"embeddable":true,"href":"https:\/\/www.edicionesplatea.com\/blog\/wp-json\/wp\/v2\/comments?post=1338"}],"version-history":[{"count":4,"href":"https:\/\/www.edicionesplatea.com\/blog\/wp-json\/wp\/v2\/posts\/1338\/revisions"}],"predecessor-version":[{"id":2580,"href":"https:\/\/www.edicionesplatea.com\/blog\/wp-json\/wp\/v2\/posts\/1338\/revisions\/2580"}],"wp:attachment":[{"href":"https:\/\/www.edicionesplatea.com\/blog\/wp-json\/wp\/v2\/media?parent=1338"}],"wp:term":[{"taxonomy":"category","embeddable":true,"href":"https:\/\/www.edicionesplatea.com\/blog\/wp-json\/wp\/v2\/categories?post=1338"},{"taxonomy":"post_tag","embeddable":true,"href":"https:\/\/www.edicionesplatea.com\/blog\/wp-json\/wp\/v2\/tags?post=1338"}],"curies":[{"name":"wp","href":"https:\/\/api.w.org\/{rel}","templated":true}]}}