{"id":1311,"date":"2020-11-25T17:23:45","date_gmt":"2020-11-25T17:23:45","guid":{"rendered":"https:\/\/www.edicionesplatea.com\/blog\/?p=1311"},"modified":"2025-02-25T16:15:43","modified_gmt":"2025-02-25T16:15:43","slug":"el-destacamento-de-ejercito-lanz-kempf-en-los-prolegomenos-de-jarkov-manstein-y-la-tercera-batalla-de-jarkov","status":"publish","type":"post","link":"https:\/\/www.edicionesplatea.com\/blog\/el-destacamento-de-ejercito-lanz-kempf-en-los-prolegomenos-de-jarkov-manstein-y-la-tercera-batalla-de-jarkov\/","title":{"rendered":"El Destacamento de Ej\u00e9rcito Lanz\/Kempf en los proleg\u00f3menos de J\u00e1rkov. Manstein y la Tercera Batalla de J\u00e1rkov."},"content":{"rendered":"\n<p>El 22 de febrero se agrav\u00f3 la situaci\u00f3n en el ala norte del grupo de ej\u00e9rcitos. Ese d\u00eda se perdi\u00f3 la orilla oriental del curso medio del r\u00edo Vorskla, al sur de Achtyrka. La propia ciudad tuvo que<br>ser evacuada a la noche siguiente por un grupo regimental de la 168.\u00aa Divisi\u00f3n de Infanter\u00eda tras sufrir graves p\u00e9rdidas. Partiendo del \u00e1rea de Achtyrka y la regi\u00f3n situada m\u00e1s al norte, el enemigo se puso en marcha con elementos de los 40.\u00ba y 69.\u00ba Ej\u00e9rcitos en direcci\u00f3n oeste y suroeste. <\/p>\n\n\n<div class=\"wp-block-image is-resized is-style-default\">\n<figure class=\"aligncenter size-large\"><img loading=\"lazy\" decoding=\"async\" width=\"1024\" height=\"592\" src=\"https:\/\/www.edicionesplatea.com\/blog\/wp-content\/uploads\/2020\/11\/Manstein-y-la-Tercera-Batalla-de-Jarkov-Eberhard-Schwarz-Salamina-Jarkov-2-1024x592.jpg\" alt=\"\" class=\"wp-image-1314\" srcset=\"https:\/\/www.edicionesplatea.com\/blog\/wp-content\/uploads\/2020\/11\/Manstein-y-la-Tercera-Batalla-de-Jarkov-Eberhard-Schwarz-Salamina-Jarkov-2-1024x592.jpg 1024w, https:\/\/www.edicionesplatea.com\/blog\/wp-content\/uploads\/2020\/11\/Manstein-y-la-Tercera-Batalla-de-Jarkov-Eberhard-Schwarz-Salamina-Jarkov-2-300x174.jpg 300w, https:\/\/www.edicionesplatea.com\/blog\/wp-content\/uploads\/2020\/11\/Manstein-y-la-Tercera-Batalla-de-Jarkov-Eberhard-Schwarz-Salamina-Jarkov-2-768x444.jpg 768w, https:\/\/www.edicionesplatea.com\/blog\/wp-content\/uploads\/2020\/11\/Manstein-y-la-Tercera-Batalla-de-Jarkov-Eberhard-Schwarz-Salamina-Jarkov-2.jpg 1219w\" sizes=\"auto, (max-width: 1024px) 100vw, 1024px\" \/><\/figure>\n<\/div>\n\n\n<p>Adem\u00e1s, el reconocimiento a\u00e9reo hab\u00eda detectado columnas enemigas en la brecha que separaba al grupo de ej\u00e9rcitos de Manstein del Grupo de Ej\u00e9rcitos Centro. Al destacamento de ej\u00e9rcito no le quedaban fuerzas que lanzar contra el avance enemigo. En consecuencia, dio por hecho que en un lapso de tiempo quedar\u00edan cortados el ferrocarril y las carreteras de Kiev y, por ende, el nudo ferroviario y de abastecimiento de Poltava.<\/p>\n\n\n\n<p>Precisamente, cuando el jefe del estado mayor del Destacamento de Ej\u00e9rcito Kempf, mayor general Dr. Speidel, expres\u00f3 este temor al grupo de ej\u00e9rcitos, el \u00fanico consejo que le pudo dar el mayor general Schulz fue que \u00abtratase de ralentizar el progreso enemigo con todos los medios disponibles y que no perdiese los nervios\u00bb. En lo tocante a suministros y en el peor de los casos, era posible una retirada a la l\u00ednea ferroviaria que pasaba por Krementschug, ciudad a orillas del Dni\u00e9per a unos 150 kil\u00f3metros al noroeste de Dniepropetrovsk. <\/p>\n\n\n\n<p>Solo una vez que se arreglase la situaci\u00f3n en el sur podr\u00eda ayudar el  grupo de ej\u00e9rcitos de forma efectiva en el norte. Si se lanzaban las dos operaciones de forma simult\u00e1nea, ninguna tendr\u00eda \u00e9xito. Durante otra conversaci\u00f3n mantenida por los dos jefes de estado mayor se acord\u00f3 que era importante \u00abganar tiempo y perder el m\u00ednimo territorio posible\u00bb. Sin embargo, al d\u00eda siguiente, con el r\u00e1pido empeoramiento de la situaci\u00f3n en Achtyrka, lleg\u00f3 el momento de tomar una decisi\u00f3n trascendental&#8230;.<\/p>\n\n\n\n<p><strong><strong><a href=\"https:\/\/edicionessalamina.com\/p\/manstein-y-la-tercera-batalla-de-jarkov-eberhard-schwarz\">QUIERO EL LIBRO<\/a><\/strong><\/strong><\/p>\n\n\n\n<p>Adem\u00e1s, con la compra de este libro, si perteneces al Club Salamina te llevas de regalo el segundo n\u00famero de nuestra exclusiva colecci\u00f3n BOLET\u00cdN SALAMINA. <\/p>\n\n\n\n<figure class=\"wp-block-image size-full is-resized\"><a href=\"https:\/\/www.edicionesplatea.com\/blog\/wp-content\/uploads\/2020\/11\/imagen-1.png\"><img loading=\"lazy\" decoding=\"async\" width=\"500\" height=\"731\" src=\"https:\/\/www.edicionesplatea.com\/blog\/wp-content\/uploads\/2020\/11\/imagen-1.png\" alt=\"\" class=\"wp-image-2570\" style=\"width:324px;height:auto\" srcset=\"https:\/\/www.edicionesplatea.com\/blog\/wp-content\/uploads\/2020\/11\/imagen-1.png 500w, https:\/\/www.edicionesplatea.com\/blog\/wp-content\/uploads\/2020\/11\/imagen-1-205x300.png 205w\" sizes=\"auto, (max-width: 500px) 100vw, 500px\" \/><\/a><\/figure>\n","protected":false},"excerpt":{"rendered":"<p>El 22 de febrero se agrav\u00f3 la situaci\u00f3n en el ala norte del grupo de ej\u00e9rcitos. Ese d\u00eda se perdi\u00f3 la orilla oriental del curso medio del r\u00edo Vorskla, al sur de Achtyrka. La propia ciudad tuvo queser evacuada a &hellip; <a href=\"https:\/\/www.edicionesplatea.com\/blog\/el-destacamento-de-ejercito-lanz-kempf-en-los-prolegomenos-de-jarkov-manstein-y-la-tercera-batalla-de-jarkov\/\">Sigue leyendo <span class=\"meta-nav\">&rarr;<\/span><\/a><\/p>\n","protected":false},"author":2,"featured_media":0,"comment_status":"open","ping_status":"open","sticky":false,"template":"","format":"standard","meta":{"footnotes":""},"categories":[533],"tags":[11,536,40,537],"class_list":["post-1311","post","type-post","status-publish","format-standard","hentry","category-manstein-y-la-tercera-batalla-de-jarkov","tag-11","tag-jarkov-2","tag-manstein","tag-tercera-batalla-de-jarkov"],"_links":{"self":[{"href":"https:\/\/www.edicionesplatea.com\/blog\/wp-json\/wp\/v2\/posts\/1311","targetHints":{"allow":["GET"]}}],"collection":[{"href":"https:\/\/www.edicionesplatea.com\/blog\/wp-json\/wp\/v2\/posts"}],"about":[{"href":"https:\/\/www.edicionesplatea.com\/blog\/wp-json\/wp\/v2\/types\/post"}],"author":[{"embeddable":true,"href":"https:\/\/www.edicionesplatea.com\/blog\/wp-json\/wp\/v2\/users\/2"}],"replies":[{"embeddable":true,"href":"https:\/\/www.edicionesplatea.com\/blog\/wp-json\/wp\/v2\/comments?post=1311"}],"version-history":[{"count":4,"href":"https:\/\/www.edicionesplatea.com\/blog\/wp-json\/wp\/v2\/posts\/1311\/revisions"}],"predecessor-version":[{"id":2571,"href":"https:\/\/www.edicionesplatea.com\/blog\/wp-json\/wp\/v2\/posts\/1311\/revisions\/2571"}],"wp:attachment":[{"href":"https:\/\/www.edicionesplatea.com\/blog\/wp-json\/wp\/v2\/media?parent=1311"}],"wp:term":[{"taxonomy":"category","embeddable":true,"href":"https:\/\/www.edicionesplatea.com\/blog\/wp-json\/wp\/v2\/categories?post=1311"},{"taxonomy":"post_tag","embeddable":true,"href":"https:\/\/www.edicionesplatea.com\/blog\/wp-json\/wp\/v2\/tags?post=1311"}],"curies":[{"name":"wp","href":"https:\/\/api.w.org\/{rel}","templated":true}]}}