{"id":1293,"date":"2020-11-11T16:46:10","date_gmt":"2020-11-11T16:46:10","guid":{"rendered":"https:\/\/www.edicionesplatea.com\/blog\/?p=1293"},"modified":"2025-03-04T22:30:24","modified_gmt":"2025-03-04T22:30:24","slug":"el-grupo-de-ejercitos-b-lucha-por-sobrevivir-enero-de-1943-manstein-y-la-tercera-batalla-de-jarkov-la-estabilizacion-del-frente-del-este-despues-de-stalingrado","status":"publish","type":"post","link":"https:\/\/www.edicionesplatea.com\/blog\/el-grupo-de-ejercitos-b-lucha-por-sobrevivir-enero-de-1943-manstein-y-la-tercera-batalla-de-jarkov-la-estabilizacion-del-frente-del-este-despues-de-stalingrado\/","title":{"rendered":"El Grupo de Ej\u00e9rcitos B lucha por sobrevivir &#8211; Enero de 1943. Manstein y la Tercera Batalla de J\u00e1rkov. La estabilizaci\u00f3n del Frente del Este despu\u00e9s de Stalingrado"},"content":{"rendered":"\n<p>El colapso del frente del Don tuvo como consecuencia que el grupo de ej\u00e9rcitos de Manstein tuviese que abandonar sus posiciones en el Chir, retirarse en direcci\u00f3n al Donets y llevar hacia el sur su ala izquierda, que se quedaba colgando en el aire. Mientras tanto, la distancia entre el caldero de Stalingrado y las l\u00edneas alemanas se iba haciendo cada vez m\u00e1s grande. <\/p>\n\n\n<div class=\"wp-block-image is-style-default\">\n<figure class=\"aligncenter size-large is-resized\"><img loading=\"lazy\" decoding=\"async\" width=\"845\" height=\"550\" src=\"https:\/\/www.edicionesplatea.com\/blog\/wp-content\/uploads\/2020\/11\/Manstein-y-la-Tercera-Batalla-de-Jarkov-Eberhard-Schwarz-Salamina-Voronezh.jpg\" alt=\"\" class=\"wp-image-1294\" style=\"aspect-ratio:1.5384615384615385;width:640px;height:auto\" srcset=\"https:\/\/www.edicionesplatea.com\/blog\/wp-content\/uploads\/2020\/11\/Manstein-y-la-Tercera-Batalla-de-Jarkov-Eberhard-Schwarz-Salamina-Voronezh.jpg 845w, https:\/\/www.edicionesplatea.com\/blog\/wp-content\/uploads\/2020\/11\/Manstein-y-la-Tercera-Batalla-de-Jarkov-Eberhard-Schwarz-Salamina-Voronezh-300x195.jpg 300w, https:\/\/www.edicionesplatea.com\/blog\/wp-content\/uploads\/2020\/11\/Manstein-y-la-Tercera-Batalla-de-Jarkov-Eberhard-Schwarz-Salamina-Voronezh-768x500.jpg 768w\" sizes=\"auto, (max-width: 845px) 100vw, 845px\" \/><\/figure>\n<\/div>\n\n\n<p>El aprovisionamiento del Sexto Ej\u00e9rcito encargado a la Luftwaffe segu\u00eda sin ser el adecuado, cada vez m\u00e1s escaso, y la situaci\u00f3n que se le planteaba a las cansadas tropas de Paulus era, en resumen, cada vez menos esperanzadora. Sin embargo, la principal preocupaci\u00f3n no era ya el destino del Sexto Ej\u00e9rcito. El principal temor era que los sovi\u00e9ticos fuesen capaces de estrangular y liquidar a los Grupos de Ej\u00e9rcitos A y del Don, asestando con ello una derrota a los alemanes de la que no se podr\u00edan recuperar. Hitler no estaba preparado a\u00fan para desviarse de su estrategia de defensa a ultranza (Haltestrategie) ni, como le insist\u00edan sus m\u00e1s allegados colaboradores, para autorizar acortamientos del frente que pudiesen llevar a una estabilizaci\u00f3n del mismo.<\/p>\n\n\n\n<p>El 12 de enero de 1943 se inici\u00f3 la siguiente batalla del Grupo de Ej\u00e9rcitos B. En esa fecha dio comienzo la ofensiva del Frente de Voronezh contra el Segundo Ej\u00e9rcito h\u00fangaro, esperada desde hac\u00eda d\u00edas. En poco tiempo las l\u00edneas quedaron deshechas. Las divisiones h\u00fangaras no soportaron la presi\u00f3n y huyeron hacia el oeste. Hab\u00eda un sector del ala norte del Octavo Ej\u00e9rcito italiano, apoyado sobre el Don, que a\u00fan no hab\u00eda sido atacado. Estaba defendido por el Corpo-Alpino y el XXIV Cuerpo Panzer (una divisi\u00f3n italiana y dos alemanas). Ahora corr\u00eda serio peligro de quedar cercado. Las peticiones para retirar inmediatamente estas formaciones al objeto de establecer una nueva l\u00ednea de frente fueron rechazadas por Hitler.<\/p>\n\n\n\n<p>Tan solo el 18 de enero, cuando algunas formaciones emprendieron la retirada por propia iniciativa al perder el contacto con su l\u00ednea de suministros, dio el OKH su aprobaci\u00f3n para retirarse del Don. Y solo entonces, sufriendo muchas bajas, pudieron retirarse los agostados soldados hacia el suroeste, sin veh\u00edculos ni armamento pesado, teniendo que soportar temperaturas de hasta 40\u00ba C bajo cero.<\/p>\n\n\n\n<p>Con la destrucci\u00f3n de las \u00faltimas formaciones aliadas del Eje, la iniciativa qued\u00f3 en manos de los sovi\u00e9ticos en todo el teatro sur del Frente del Este. La estrategia de tener que defender a ultranza cualquier territorio conquistado sobrepas\u00f3, a todas luces, los l\u00edmites de lo soportable. Pero Hitler, que se negaba a admitirlo, descarg\u00f3 la culpa sobre los ej\u00e9rcitos aliados y, contra todo sentido com\u00fan, sigui\u00f3 aferrado a su idea.<\/p>\n\n\n\n<p><strong><a href=\"https:\/\/edicionessalamina.com\/p\/manstein-y-la-tercera-batalla-de-jarkov-eberhard-schwarz\">QUIERO EL LIBRO<\/a><\/strong><\/p>\n\n\n\n<p>Con la compra en nuestra tienda online, los miembros del <strong><a href=\"https:\/\/www.edicionesplatea.com\/club-salamina\/\">Club Salamina<\/a><\/strong> recibir\u00e1n de regalo el Bolet\u00edn de Salamina dedicado al general Hermann Balck.<\/p>\n\n\n\n<figure class=\"wp-block-image size-full is-resized\"><a href=\"https:\/\/www.edicionesplatea.com\/blog\/wp-content\/uploads\/2020\/11\/imagen-2.png\"><img loading=\"lazy\" decoding=\"async\" width=\"500\" height=\"731\" src=\"https:\/\/www.edicionesplatea.com\/blog\/wp-content\/uploads\/2020\/11\/imagen-2.png\" alt=\"\" class=\"wp-image-2837\" style=\"width:270px;height:auto\" srcset=\"https:\/\/www.edicionesplatea.com\/blog\/wp-content\/uploads\/2020\/11\/imagen-2.png 500w, https:\/\/www.edicionesplatea.com\/blog\/wp-content\/uploads\/2020\/11\/imagen-2-205x300.png 205w\" sizes=\"auto, (max-width: 500px) 100vw, 500px\" \/><\/a><\/figure>\n","protected":false},"excerpt":{"rendered":"<p>El colapso del frente del Don tuvo como consecuencia que el grupo de ej\u00e9rcitos de Manstein tuviese que abandonar sus posiciones en el Chir, retirarse en direcci\u00f3n al Donets y llevar hacia el sur su ala izquierda, que se quedaba &hellip; <a href=\"https:\/\/www.edicionesplatea.com\/blog\/el-grupo-de-ejercitos-b-lucha-por-sobrevivir-enero-de-1943-manstein-y-la-tercera-batalla-de-jarkov-la-estabilizacion-del-frente-del-este-despues-de-stalingrado\/\">Sigue leyendo <span class=\"meta-nav\">&rarr;<\/span><\/a><\/p>\n","protected":false},"author":2,"featured_media":0,"comment_status":"open","ping_status":"open","sticky":false,"template":"","format":"standard","meta":{"footnotes":""},"categories":[533],"tags":[],"class_list":["post-1293","post","type-post","status-publish","format-standard","hentry","category-manstein-y-la-tercera-batalla-de-jarkov"],"_links":{"self":[{"href":"https:\/\/www.edicionesplatea.com\/blog\/wp-json\/wp\/v2\/posts\/1293","targetHints":{"allow":["GET"]}}],"collection":[{"href":"https:\/\/www.edicionesplatea.com\/blog\/wp-json\/wp\/v2\/posts"}],"about":[{"href":"https:\/\/www.edicionesplatea.com\/blog\/wp-json\/wp\/v2\/types\/post"}],"author":[{"embeddable":true,"href":"https:\/\/www.edicionesplatea.com\/blog\/wp-json\/wp\/v2\/users\/2"}],"replies":[{"embeddable":true,"href":"https:\/\/www.edicionesplatea.com\/blog\/wp-json\/wp\/v2\/comments?post=1293"}],"version-history":[{"count":3,"href":"https:\/\/www.edicionesplatea.com\/blog\/wp-json\/wp\/v2\/posts\/1293\/revisions"}],"predecessor-version":[{"id":2839,"href":"https:\/\/www.edicionesplatea.com\/blog\/wp-json\/wp\/v2\/posts\/1293\/revisions\/2839"}],"wp:attachment":[{"href":"https:\/\/www.edicionesplatea.com\/blog\/wp-json\/wp\/v2\/media?parent=1293"}],"wp:term":[{"taxonomy":"category","embeddable":true,"href":"https:\/\/www.edicionesplatea.com\/blog\/wp-json\/wp\/v2\/categories?post=1293"},{"taxonomy":"post_tag","embeddable":true,"href":"https:\/\/www.edicionesplatea.com\/blog\/wp-json\/wp\/v2\/tags?post=1293"}],"curies":[{"name":"wp","href":"https:\/\/api.w.org\/{rel}","templated":true}]}}