{"id":1241,"date":"2020-09-22T15:17:32","date_gmt":"2020-09-22T15:17:32","guid":{"rendered":"https:\/\/www.edicionesplatea.com\/blog\/?p=1241"},"modified":"2025-02-25T15:49:13","modified_gmt":"2025-02-25T15:49:13","slug":"la-batalla-de-las-islas-egates-241-a-c-las-campanas-de-amilcar-barca-de-la-i-guerra-punica-a-isphanya","status":"publish","type":"post","link":"https:\/\/www.edicionesplatea.com\/blog\/la-batalla-de-las-islas-egates-241-a-c-las-campanas-de-amilcar-barca-de-la-i-guerra-punica-a-isphanya\/","title":{"rendered":"La batalla de las Islas Egates 241 a.C. Las campa\u00f1as de Am\u00edlcar Barca. De la I Guerra P\u00fanica a Isphanya"},"content":{"rendered":"\n<p>El caso es que hab\u00eda llegado el momento del combate, los gallardos cartagineses con valent\u00eda y decisi\u00f3n no lo rehuyeron, hicieron frente a la flota romana aunque en verdad combatir\u00edan en las peores circunstancias militares para los m\u00e9ritos de Kart Hadasht. Tanit, Baal Hammon y Melkart comenzaron a llorar desconsoladamente.<\/p>\n\n\n<div class=\"wp-block-image is-style-default\">\n<figure class=\"aligncenter size-large is-resized\"><img loading=\"lazy\" decoding=\"async\" width=\"850\" height=\"500\" src=\"https:\/\/www.edicionesplatea.com\/blog\/wp-content\/uploads\/2020\/09\/Campan\u0303as-militares-de-Ami\u0301lcar-Barca-Luis-de-la-Luna-Ediciones-Salamina-Egates.jpg\" alt=\"\" class=\"wp-image-1242\" style=\"width:614px;height:361px\" srcset=\"https:\/\/www.edicionesplatea.com\/blog\/wp-content\/uploads\/2020\/09\/Campan\u0303as-militares-de-Ami\u0301lcar-Barca-Luis-de-la-Luna-Ediciones-Salamina-Egates.jpg 850w, https:\/\/www.edicionesplatea.com\/blog\/wp-content\/uploads\/2020\/09\/Campan\u0303as-militares-de-Ami\u0301lcar-Barca-Luis-de-la-Luna-Ediciones-Salamina-Egates-300x176.jpg 300w, https:\/\/www.edicionesplatea.com\/blog\/wp-content\/uploads\/2020\/09\/Campan\u0303as-militares-de-Ami\u0301lcar-Barca-Luis-de-la-Luna-Ediciones-Salamina-Egates-768x452.jpg 768w\" sizes=\"auto, (max-width: 850px) 100vw, 850px\" \/><\/figure>\n<\/div>\n\n\n<p>Esta lluvia celestial se abati\u00f3 sobre la flota cartaginesa que recogi\u00f3 velas, desmont\u00f3 sus m\u00e1stiles y se aprest\u00f3 al combate. Eran inferiores en n\u00famero, en preparaci\u00f3n naval, en posibilidades t\u00e1cticas y ser\u00eda una lucha de remeros y al ariete, pocas posibilidades de victoria hab\u00eda, y sin embargo los cartagineses atacaron sin volver la cara en ning\u00fan momento. Era el ocaso del poder\u00edo naval cartagin\u00e9s. <\/p>\n\n\n\n<p>La flota romana tambi\u00e9n recibi\u00f3 la lluvia pero entendi\u00f3 que eran los dioses cartagineses que lloraban desconsolados ante lo que se les ven\u00eda encima a sus hijos cananeos en el mar. Los dioses de los cartagineses contemplaban c\u00f3mo los romanos estaban m\u00e1s experimentados, con mejores tripulaciones, con quinquerremes que pod\u00edan ser m\u00e1s r\u00e1pidos y maniobrables que los cananeos dado que no estaban lastrados por el transporte de suministros. De esta manera, los lobos romanos se abatieron sobre los leones cartagineses. <\/p>\n\n\n\n<p>La \u00faltima batalla fue tr\u00e1gica para las armas cartaginesas. Los p\u00fanicos se defendieron con arrojo y valor suicida, realizaron proezas navales dignas de su larga tradici\u00f3n marinera, pero no pudieron evitar que las ahora m\u00e1s r\u00e1pidas y maniobrables naves romanas hundieran, a golpe de espol\u00f3n, a m\u00e1s de cincuenta quinquerremes cartagineses por la p\u00e9rdida de s\u00f3lo treinta de las suyas. Adem\u00e1s, capturaron al abordaje a otros setenta quinquerremes p\u00fanicos en tanto que sufrieron la destrucci\u00f3n de unos cincuenta de los suyos.<\/p>\n\n\n\n<p>Golpe a golpe, remada a remada, los cartagineses se vieron desbordados porque siempre fueron superados num\u00e9ricamente, dos y hasta tres naves romanas contra un quinquerreme cananeo. De esta manera, o bien fueron enviados a pique por los espolones romanos, que los atacaban de dos en dos, o bien fueron abordados siempre en inferioridad num\u00e9rica por los quinquerremes romanos que lanzaban a sus expertos legionarios, ahora convertidos en&#8230;.<\/p>\n\n\n\n<p><a href=\"https:\/\/edicionessalamina.com\/p\/las-campanas-militares-de-amilcar-barca-luis-de-la-luna-valero\"><strong>QUIERO EL LIBRO<\/strong><\/a><\/p>\n","protected":false},"excerpt":{"rendered":"<p>El caso es que hab\u00eda llegado el momento del combate, los gallardos cartagineses con valent\u00eda y decisi\u00f3n no lo rehuyeron, hicieron frente a la flota romana aunque en verdad combatir\u00edan en las peores circunstancias militares para los m\u00e9ritos de Kart &hellip; <a href=\"https:\/\/www.edicionesplatea.com\/blog\/la-batalla-de-las-islas-egates-241-a-c-las-campanas-de-amilcar-barca-de-la-i-guerra-punica-a-isphanya\/\">Sigue leyendo <span class=\"meta-nav\">&rarr;<\/span><\/a><\/p>\n","protected":false},"author":2,"featured_media":0,"comment_status":"open","ping_status":"open","sticky":false,"template":"","format":"standard","meta":{"footnotes":""},"categories":[513],"tags":[514],"class_list":["post-1241","post","type-post","status-publish","format-standard","hentry","category-las-campanas-militares-de-amilcar-barca","tag-cartago"],"_links":{"self":[{"href":"https:\/\/www.edicionesplatea.com\/blog\/wp-json\/wp\/v2\/posts\/1241","targetHints":{"allow":["GET"]}}],"collection":[{"href":"https:\/\/www.edicionesplatea.com\/blog\/wp-json\/wp\/v2\/posts"}],"about":[{"href":"https:\/\/www.edicionesplatea.com\/blog\/wp-json\/wp\/v2\/types\/post"}],"author":[{"embeddable":true,"href":"https:\/\/www.edicionesplatea.com\/blog\/wp-json\/wp\/v2\/users\/2"}],"replies":[{"embeddable":true,"href":"https:\/\/www.edicionesplatea.com\/blog\/wp-json\/wp\/v2\/comments?post=1241"}],"version-history":[{"count":3,"href":"https:\/\/www.edicionesplatea.com\/blog\/wp-json\/wp\/v2\/posts\/1241\/revisions"}],"predecessor-version":[{"id":2540,"href":"https:\/\/www.edicionesplatea.com\/blog\/wp-json\/wp\/v2\/posts\/1241\/revisions\/2540"}],"wp:attachment":[{"href":"https:\/\/www.edicionesplatea.com\/blog\/wp-json\/wp\/v2\/media?parent=1241"}],"wp:term":[{"taxonomy":"category","embeddable":true,"href":"https:\/\/www.edicionesplatea.com\/blog\/wp-json\/wp\/v2\/categories?post=1241"},{"taxonomy":"post_tag","embeddable":true,"href":"https:\/\/www.edicionesplatea.com\/blog\/wp-json\/wp\/v2\/tags?post=1241"}],"curies":[{"name":"wp","href":"https:\/\/api.w.org\/{rel}","templated":true}]}}